{"id":4563,"date":"2025-01-18T06:43:00","date_gmt":"2025-01-18T05:43:00","guid":{"rendered":"https:\/\/www.casasusa.nl\/sem-categoria\/capital-da-laranja-2025\/"},"modified":"2026-05-01T11:41:54","modified_gmt":"2026-05-01T10:41:54","slug":"capital-da-laranja-2025","status":"publish","type":"post","link":"https:\/\/www.casasusa.nl\/pt-pt\/noticias\/capital-da-laranja-2025\/","title":{"rendered":"Capital da Laranja 2025"},"content":{"rendered":"\n<p>Silves prepara-se para a 9.\u00aa edi\u00e7\u00e3o da Mostra Silves Capital da Laranja.<\/p>\n\n<p>A cidade de Silves afirma-se novamente como uma refer\u00eancia nacional no setor da citricultura com a 9.\u00aa edi\u00e7\u00e3o da Mostra Silves Capital da Laranja, que decorre de 14 a 16 de fevereiro de 2025, na FISSUL. O evento contar\u00e1 com as atua\u00e7\u00f5es de Carminho, Os Quatro e Meia e Rouxinol Faduncho, num programa que alia cultura, gastronomia e debates sobre os desafios do setor agr\u00edcola. <\/p>\n\n<p>Destaques do evento A Mostra Silves Capital da Laranja re\u00fane dezenas de expositores e produtores do setor citr\u00edcola, bem como associa\u00e7\u00f5es locais e entidades regionais. Durante tr\u00eas dias, os visitantes poder\u00e3o provar e adquirir produtos regionais, vinhos, do\u00e7aria, artesanato e, claro, a ic\u00f3nica laranja de Silves. O evento come\u00e7a oficialmente no dia 14 de fevereiro, \u00e0s 10:30, com a Confer\u00eancia Laranja XXI, este ano sob o tema &#8220;A \u00c1gua que nos Une&#8221;, focada nos desafios h\u00eddricos na agricultura e na gest\u00e3o sustent\u00e1vel dos recursos. Ao longo do fim de semana, o evento oferece tamb\u00e9m semin\u00e1rios, concursos e debates de interesse para o setor agr\u00edcola e empresarial.   <\/p>\n\n<figure class=\"wp-block-image size-large\"><img fetchpriority=\"high\" decoding=\"async\" width=\"1024\" height=\"496\" src=\"https:\/\/www.casasusa.nl\/wp-content\/uploads\/2023\/04\/Capital-da-laranja-2025-1024x496.jpg\" alt=\"\" class=\"wp-image-2404\" srcset=\"https:\/\/www.casasusa.nl\/wp-content\/uploads\/2023\/04\/Capital-da-laranja-2025-1024x496.jpg 1024w, https:\/\/www.casasusa.nl\/wp-content\/uploads\/2023\/04\/Capital-da-laranja-2025-300x145.jpg 300w, https:\/\/www.casasusa.nl\/wp-content\/uploads\/2023\/04\/Capital-da-laranja-2025-768x372.jpg 768w, https:\/\/www.casasusa.nl\/wp-content\/uploads\/2023\/04\/Capital-da-laranja-2025-1200x581.jpg 1200w, https:\/\/www.casasusa.nl\/wp-content\/uploads\/2023\/04\/Capital-da-laranja-2025-780x378.jpg 780w, https:\/\/www.casasusa.nl\/wp-content\/uploads\/2023\/04\/Capital-da-laranja-2025-600x291.jpg 600w, https:\/\/www.casasusa.nl\/wp-content\/uploads\/2023\/04\/Capital-da-laranja-2025-550x266.jpg 550w, https:\/\/www.casasusa.nl\/wp-content\/uploads\/2023\/04\/Capital-da-laranja-2025-370x179.jpg 370w, https:\/\/www.casasusa.nl\/wp-content\/uploads\/2023\/04\/Capital-da-laranja-2025-255x124.jpg 255w, https:\/\/www.casasusa.nl\/wp-content\/uploads\/2023\/04\/Capital-da-laranja-2025-150x73.jpg 150w, https:\/\/www.casasusa.nl\/wp-content\/uploads\/2023\/04\/Capital-da-laranja-2025.jpg 1280w\" sizes=\"(max-width: 1024px) 100vw, 1024px\" \/><\/figure>\n\n<p>M\u00fasica e tradi\u00e7\u00e3o em destaque A Mostra Silves Capital da Laranja n\u00e3o se limita ao setor agr\u00edcola, oferecendo tamb\u00e9m um programa musical variado. <br\/>No palco principal, atuar\u00e3o os seguintes artistas: <br\/>Carminho \u2013 14 de fevereiro, 22:00 <br\/>Os Quatro e Meia \u2013 15 de fevereiro, 22:00 <br\/>Rouxinol Faduncho \u2013 16 de fevereiro, 18:00 <br\/>Para al\u00e9m dos concertos, haver\u00e1 espet\u00e1culos de dan\u00e7a tradicional, atividades para crian\u00e7as e a ic\u00f3nica Marcha dos Namorados, um evento que j\u00e1 conquistou o seu lugar no calend\u00e1rio cultural da regi\u00e3o. Fim de Semana com Sabor a Laranja Simultaneamente \u00e0 mostra, decorre de 13 a 16 de fevereiro a 9.\u00aa edi\u00e7\u00e3o do Fim de Semana com Sabor a Laranja. Os restaurantes aderentes em Silves apresentar\u00e3o pratos inovadores com a laranja de Silves como ingrediente principal.   <br\/><br\/>Programa <br\/>14 de fevereiro: 10:00 &#8211; 00:00 <br\/>15 de fevereiro: 10:00 &#8211; 00:00 <br\/>16 de fevereiro: 10:00 &#8211; 20:00<\/p>\n","protected":false},"excerpt":{"rendered":"<p>Silves prepara-se para a 9.\u00aa edi\u00e7\u00e3o da Mostra Silves Capital da Laranja. A cidade de Silves afirma-se novamente como uma refer\u00eancia nacional no setor da citricultura com a 9.\u00aa edi\u00e7\u00e3o da Mostra Silves Capital da Laranja, que decorre de 14 a 16 de fevereiro de 2025, na FISSUL. O evento contar\u00e1 com as atua\u00e7\u00f5es de &#8230;<\/p>\n","protected":false},"author":1,"featured_media":4564,"comment_status":"closed","ping_status":"open","sticky":false,"template":"","format":"standard","meta":{"loftocean_post_format_gallery":"","loftocean_post_format_gallery_ids":"","loftocean_post_format_gallery_urls":"","loftocean_post_format_video_id":0,"loftocean_post_format_video_url":"","loftocean_post_format_video_type":"","loftocean_post_format_video":"","loftocean_post_format_audio_type":"","loftocean_post_format_audio_url":"","loftocean_post_format_audio_id":0,"loftocean_post_format_audio":"","loftocean-like-count":0,"cozystay_single_post_hide_site_header":"","cozystay_single_post_site_header_source":"","cozystay_single_post_custom_site_header":"0","cozystay_single_post_custom_sticky_site_header":"0","cozystay_single_post_hide_page_title":"","cozystay_single_post_site_footer_hide_main":"","cozystay_single_custom_site_footer_main_source":"","cozystay_single_custom_site_footer_main":"0","cozystay_single_post_site_footer_hide_above":"","cozystay_single_custom_site_footer_above_source":"","cozystay_single_custom_site_footer_above":"0","cozystay_single_post_site_footer_hide_instagram":"","cozystay_single_post_site_footer_hide_bottom":"","cozystay_single_custom_mobile_menu_source":"","cozystay_single_custom_mobile_menu":"0","cozystay_single_custom_mobile_menu_animation":"","cozystay_single_custom_mobile_menu_width":"","cozystay_single_custom_mobile_menu_custom_width":375,"cozystay_single_post_template":"","footnotes":""},"categories":[268,265],"tags":[269,266],"class_list":["post-4563","post","type-post","status-publish","format-standard","has-post-thumbnail","hentry","category-atividades-em-silves","category-noticias","tag-capital-da-laranja","tag-silves"],"yoast_head":"<!-- This site is optimized with the Yoast SEO plugin v27.5 - https:\/\/yoast.com\/product\/yoast-seo-wordpress\/ -->\n<title>Capital da Laranja 2025 - CasaSusa<\/title>\n<meta name=\"robots\" content=\"index, follow, max-snippet:-1, max-image-preview:large, max-video-preview:-1\" \/>\n<link rel=\"canonical\" href=\"https:\/\/www.casasusa.nl\/pt-pt\/noticias\/capital-da-laranja-2025\/\" \/>\n<meta property=\"og:locale\" content=\"pt_PT\" \/>\n<meta property=\"og:type\" content=\"article\" \/>\n<meta property=\"og:title\" content=\"Capital da Laranja 2025 - CasaSusa\" \/>\n<meta property=\"og:description\" content=\"Silves prepara-se para a 9.\u00aa edi\u00e7\u00e3o da Mostra Silves Capital da Laranja. A cidade de Silves afirma-se novamente como uma refer\u00eancia nacional no setor da citricultura com a 9.\u00aa edi\u00e7\u00e3o da Mostra Silves Capital da Laranja, que decorre de 14 a 16 de fevereiro de 2025, na FISSUL. O evento contar\u00e1 com as atua\u00e7\u00f5es de ...\" \/>\n<meta property=\"og:url\" content=\"https:\/\/www.casasusa.nl\/pt-pt\/noticias\/capital-da-laranja-2025\/\" \/>\n<meta property=\"og:site_name\" content=\"CasaSusa\" \/>\n<meta property=\"article:publisher\" content=\"https:\/\/www.facebook.com\/people\/Casa-Susa\/61575870086034\/\" \/>\n<meta property=\"article:published_time\" content=\"2025-01-18T05:43:00+00:00\" \/>\n<meta property=\"article:modified_time\" content=\"2026-05-01T10:41:54+00:00\" \/>\n<meta property=\"og:image\" content=\"https:\/\/www.casasusa.nl\/wp-content\/uploads\/2025\/01\/capital-da-laranja-scaled.jpg\" \/>\n\t<meta property=\"og:image:width\" content=\"2560\" \/>\n\t<meta property=\"og:image:height\" content=\"1465\" \/>\n\t<meta property=\"og:image:type\" content=\"image\/jpeg\" \/>\n<meta name=\"author\" content=\"admin\" \/>\n<meta name=\"twitter:card\" content=\"summary_large_image\" \/>\n<meta name=\"twitter:label1\" content=\"Escrito por\" \/>\n\t<meta name=\"twitter:data1\" content=\"admin\" \/>\n\t<meta name=\"twitter:label2\" content=\"Tempo estimado de leitura\" \/>\n\t<meta name=\"twitter:data2\" content=\"2 minutos\" \/>\n<script type=\"application\/ld+json\" class=\"yoast-schema-graph\">{\"@context\":\"https:\\\/\\\/schema.org\",\"@graph\":[{\"@type\":\"Article\",\"@id\":\"https:\\\/\\\/www.casasusa.nl\\\/pt-pt\\\/noticias\\\/capital-da-laranja-2025\\\/#article\",\"isPartOf\":{\"@id\":\"https:\\\/\\\/www.casasusa.nl\\\/pt-pt\\\/noticias\\\/capital-da-laranja-2025\\\/\"},\"author\":{\"name\":\"admin\",\"@id\":\"https:\\\/\\\/www.casasusa.nl\\\/pt-pt\\\/#\\\/schema\\\/person\\\/c89fdfcc534ccdcad96632fbbe28aa10\"},\"headline\":\"Capital da Laranja 2025\",\"datePublished\":\"2025-01-18T05:43:00+00:00\",\"dateModified\":\"2026-05-01T10:41:54+00:00\",\"mainEntityOfPage\":{\"@id\":\"https:\\\/\\\/www.casasusa.nl\\\/pt-pt\\\/noticias\\\/capital-da-laranja-2025\\\/\"},\"wordCount\":338,\"image\":{\"@id\":\"https:\\\/\\\/www.casasusa.nl\\\/pt-pt\\\/noticias\\\/capital-da-laranja-2025\\\/#primaryimage\"},\"thumbnailUrl\":\"https:\\\/\\\/www.casasusa.nl\\\/wp-content\\\/uploads\\\/2025\\\/01\\\/capital-da-laranja-scaled.jpg\",\"keywords\":[\"Capital da Laranja\",\"Silves\"],\"articleSection\":[\"Atividades em Silves\",\"Not\u00edcias\"],\"inLanguage\":\"pt-PT\"},{\"@type\":\"WebPage\",\"@id\":\"https:\\\/\\\/www.casasusa.nl\\\/pt-pt\\\/noticias\\\/capital-da-laranja-2025\\\/\",\"url\":\"https:\\\/\\\/www.casasusa.nl\\\/pt-pt\\\/noticias\\\/capital-da-laranja-2025\\\/\",\"name\":\"Capital da Laranja 2025 - CasaSusa\",\"isPartOf\":{\"@id\":\"https:\\\/\\\/www.casasusa.nl\\\/pt-pt\\\/#website\"},\"primaryImageOfPage\":{\"@id\":\"https:\\\/\\\/www.casasusa.nl\\\/pt-pt\\\/noticias\\\/capital-da-laranja-2025\\\/#primaryimage\"},\"image\":{\"@id\":\"https:\\\/\\\/www.casasusa.nl\\\/pt-pt\\\/noticias\\\/capital-da-laranja-2025\\\/#primaryimage\"},\"thumbnailUrl\":\"https:\\\/\\\/www.casasusa.nl\\\/wp-content\\\/uploads\\\/2025\\\/01\\\/capital-da-laranja-scaled.jpg\",\"datePublished\":\"2025-01-18T05:43:00+00:00\",\"dateModified\":\"2026-05-01T10:41:54+00:00\",\"author\":{\"@id\":\"https:\\\/\\\/www.casasusa.nl\\\/pt-pt\\\/#\\\/schema\\\/person\\\/c89fdfcc534ccdcad96632fbbe28aa10\"},\"breadcrumb\":{\"@id\":\"https:\\\/\\\/www.casasusa.nl\\\/pt-pt\\\/noticias\\\/capital-da-laranja-2025\\\/#breadcrumb\"},\"inLanguage\":\"pt-PT\",\"potentialAction\":[{\"@type\":\"ReadAction\",\"target\":[\"https:\\\/\\\/www.casasusa.nl\\\/pt-pt\\\/noticias\\\/capital-da-laranja-2025\\\/\"]}]},{\"@type\":\"ImageObject\",\"inLanguage\":\"pt-PT\",\"@id\":\"https:\\\/\\\/www.casasusa.nl\\\/pt-pt\\\/noticias\\\/capital-da-laranja-2025\\\/#primaryimage\",\"url\":\"https:\\\/\\\/www.casasusa.nl\\\/wp-content\\\/uploads\\\/2025\\\/01\\\/capital-da-laranja-scaled.jpg\",\"contentUrl\":\"https:\\\/\\\/www.casasusa.nl\\\/wp-content\\\/uploads\\\/2025\\\/01\\\/capital-da-laranja-scaled.jpg\",\"width\":2560,\"height\":1465,\"caption\":\"Silves, Capital da Laranja\"},{\"@type\":\"BreadcrumbList\",\"@id\":\"https:\\\/\\\/www.casasusa.nl\\\/pt-pt\\\/noticias\\\/capital-da-laranja-2025\\\/#breadcrumb\",\"itemListElement\":[{\"@type\":\"ListItem\",\"position\":1,\"name\":\"Home\",\"item\":\"https:\\\/\\\/www.casasusa.nl\\\/pt-pt\\\/inicio\\\/\"},{\"@type\":\"ListItem\",\"position\":2,\"name\":\"Capital da Laranja 2025\"}]},{\"@type\":\"WebSite\",\"@id\":\"https:\\\/\\\/www.casasusa.nl\\\/pt-pt\\\/#website\",\"url\":\"https:\\\/\\\/www.casasusa.nl\\\/pt-pt\\\/\",\"name\":\"Welkom bij CasaSusa\",\"description\":\"Schitterende woning in het centrum van historisch Silves\",\"potentialAction\":[{\"@type\":\"SearchAction\",\"target\":{\"@type\":\"EntryPoint\",\"urlTemplate\":\"https:\\\/\\\/www.casasusa.nl\\\/pt-pt\\\/?s={search_term_string}\"},\"query-input\":{\"@type\":\"PropertyValueSpecification\",\"valueRequired\":true,\"valueName\":\"search_term_string\"}}],\"inLanguage\":\"pt-PT\"},{\"@type\":\"Person\",\"@id\":\"https:\\\/\\\/www.casasusa.nl\\\/pt-pt\\\/#\\\/schema\\\/person\\\/c89fdfcc534ccdcad96632fbbe28aa10\",\"name\":\"admin\",\"image\":{\"@type\":\"ImageObject\",\"inLanguage\":\"pt-PT\",\"@id\":\"https:\\\/\\\/secure.gravatar.com\\\/avatar\\\/90a08fb15f019704b1796d5415137681e0b85d32994cb6547008a5e7dfa486d0?s=96&d=mm&r=g\",\"url\":\"https:\\\/\\\/secure.gravatar.com\\\/avatar\\\/90a08fb15f019704b1796d5415137681e0b85d32994cb6547008a5e7dfa486d0?s=96&d=mm&r=g\",\"contentUrl\":\"https:\\\/\\\/secure.gravatar.com\\\/avatar\\\/90a08fb15f019704b1796d5415137681e0b85d32994cb6547008a5e7dfa486d0?s=96&d=mm&r=g\",\"caption\":\"admin\"},\"sameAs\":[\"https:\\\/\\\/www.casasusa.nl\"],\"url\":\"https:\\\/\\\/www.casasusa.nl\\\/pt-pt\\\/author\\\/admin\\\/\"}]}<\/script>\n<!-- \/ Yoast SEO plugin. -->","yoast_head_json":{"title":"Capital da Laranja 2025 - CasaSusa","robots":{"index":"index","follow":"follow","max-snippet":"max-snippet:-1","max-image-preview":"max-image-preview:large","max-video-preview":"max-video-preview:-1"},"canonical":"https:\/\/www.casasusa.nl\/pt-pt\/noticias\/capital-da-laranja-2025\/","og_locale":"pt_PT","og_type":"article","og_title":"Capital da Laranja 2025 - CasaSusa","og_description":"Silves prepara-se para a 9.\u00aa edi\u00e7\u00e3o da Mostra Silves Capital da Laranja. A cidade de Silves afirma-se novamente como uma refer\u00eancia nacional no setor da citricultura com a 9.\u00aa edi\u00e7\u00e3o da Mostra Silves Capital da Laranja, que decorre de 14 a 16 de fevereiro de 2025, na FISSUL. O evento contar\u00e1 com as atua\u00e7\u00f5es de ...","og_url":"https:\/\/www.casasusa.nl\/pt-pt\/noticias\/capital-da-laranja-2025\/","og_site_name":"CasaSusa","article_publisher":"https:\/\/www.facebook.com\/people\/Casa-Susa\/61575870086034\/","article_published_time":"2025-01-18T05:43:00+00:00","article_modified_time":"2026-05-01T10:41:54+00:00","og_image":[{"width":2560,"height":1465,"url":"https:\/\/www.casasusa.nl\/wp-content\/uploads\/2025\/01\/capital-da-laranja-scaled.jpg","type":"image\/jpeg"}],"author":"admin","twitter_card":"summary_large_image","twitter_misc":{"Escrito por":"admin","Tempo estimado de leitura":"2 minutos"},"schema":{"@context":"https:\/\/schema.org","@graph":[{"@type":"Article","@id":"https:\/\/www.casasusa.nl\/pt-pt\/noticias\/capital-da-laranja-2025\/#article","isPartOf":{"@id":"https:\/\/www.casasusa.nl\/pt-pt\/noticias\/capital-da-laranja-2025\/"},"author":{"name":"admin","@id":"https:\/\/www.casasusa.nl\/pt-pt\/#\/schema\/person\/c89fdfcc534ccdcad96632fbbe28aa10"},"headline":"Capital da Laranja 2025","datePublished":"2025-01-18T05:43:00+00:00","dateModified":"2026-05-01T10:41:54+00:00","mainEntityOfPage":{"@id":"https:\/\/www.casasusa.nl\/pt-pt\/noticias\/capital-da-laranja-2025\/"},"wordCount":338,"image":{"@id":"https:\/\/www.casasusa.nl\/pt-pt\/noticias\/capital-da-laranja-2025\/#primaryimage"},"thumbnailUrl":"https:\/\/www.casasusa.nl\/wp-content\/uploads\/2025\/01\/capital-da-laranja-scaled.jpg","keywords":["Capital da Laranja","Silves"],"articleSection":["Atividades em Silves","Not\u00edcias"],"inLanguage":"pt-PT"},{"@type":"WebPage","@id":"https:\/\/www.casasusa.nl\/pt-pt\/noticias\/capital-da-laranja-2025\/","url":"https:\/\/www.casasusa.nl\/pt-pt\/noticias\/capital-da-laranja-2025\/","name":"Capital da Laranja 2025 - CasaSusa","isPartOf":{"@id":"https:\/\/www.casasusa.nl\/pt-pt\/#website"},"primaryImageOfPage":{"@id":"https:\/\/www.casasusa.nl\/pt-pt\/noticias\/capital-da-laranja-2025\/#primaryimage"},"image":{"@id":"https:\/\/www.casasusa.nl\/pt-pt\/noticias\/capital-da-laranja-2025\/#primaryimage"},"thumbnailUrl":"https:\/\/www.casasusa.nl\/wp-content\/uploads\/2025\/01\/capital-da-laranja-scaled.jpg","datePublished":"2025-01-18T05:43:00+00:00","dateModified":"2026-05-01T10:41:54+00:00","author":{"@id":"https:\/\/www.casasusa.nl\/pt-pt\/#\/schema\/person\/c89fdfcc534ccdcad96632fbbe28aa10"},"breadcrumb":{"@id":"https:\/\/www.casasusa.nl\/pt-pt\/noticias\/capital-da-laranja-2025\/#breadcrumb"},"inLanguage":"pt-PT","potentialAction":[{"@type":"ReadAction","target":["https:\/\/www.casasusa.nl\/pt-pt\/noticias\/capital-da-laranja-2025\/"]}]},{"@type":"ImageObject","inLanguage":"pt-PT","@id":"https:\/\/www.casasusa.nl\/pt-pt\/noticias\/capital-da-laranja-2025\/#primaryimage","url":"https:\/\/www.casasusa.nl\/wp-content\/uploads\/2025\/01\/capital-da-laranja-scaled.jpg","contentUrl":"https:\/\/www.casasusa.nl\/wp-content\/uploads\/2025\/01\/capital-da-laranja-scaled.jpg","width":2560,"height":1465,"caption":"Silves, Capital da Laranja"},{"@type":"BreadcrumbList","@id":"https:\/\/www.casasusa.nl\/pt-pt\/noticias\/capital-da-laranja-2025\/#breadcrumb","itemListElement":[{"@type":"ListItem","position":1,"name":"Home","item":"https:\/\/www.casasusa.nl\/pt-pt\/inicio\/"},{"@type":"ListItem","position":2,"name":"Capital da Laranja 2025"}]},{"@type":"WebSite","@id":"https:\/\/www.casasusa.nl\/pt-pt\/#website","url":"https:\/\/www.casasusa.nl\/pt-pt\/","name":"Welkom bij CasaSusa","description":"Schitterende woning in het centrum van historisch Silves","potentialAction":[{"@type":"SearchAction","target":{"@type":"EntryPoint","urlTemplate":"https:\/\/www.casasusa.nl\/pt-pt\/?s={search_term_string}"},"query-input":{"@type":"PropertyValueSpecification","valueRequired":true,"valueName":"search_term_string"}}],"inLanguage":"pt-PT"},{"@type":"Person","@id":"https:\/\/www.casasusa.nl\/pt-pt\/#\/schema\/person\/c89fdfcc534ccdcad96632fbbe28aa10","name":"admin","image":{"@type":"ImageObject","inLanguage":"pt-PT","@id":"https:\/\/secure.gravatar.com\/avatar\/90a08fb15f019704b1796d5415137681e0b85d32994cb6547008a5e7dfa486d0?s=96&d=mm&r=g","url":"https:\/\/secure.gravatar.com\/avatar\/90a08fb15f019704b1796d5415137681e0b85d32994cb6547008a5e7dfa486d0?s=96&d=mm&r=g","contentUrl":"https:\/\/secure.gravatar.com\/avatar\/90a08fb15f019704b1796d5415137681e0b85d32994cb6547008a5e7dfa486d0?s=96&d=mm&r=g","caption":"admin"},"sameAs":["https:\/\/www.casasusa.nl"],"url":"https:\/\/www.casasusa.nl\/pt-pt\/author\/admin\/"}]}},"loftoceanMetas":{"authorName":"admin","categories":[{"name":"Atividades em Silves","link":"https:\/\/www.casasusa.nl\/pt-pt\/category\/atividades-em-silves\/","count":1},{"name":"Not\u00edcias","link":"https:\/\/www.casasusa.nl\/pt-pt\/category\/noticias\/","count":2}],"date":"18 de Janeiro, 2025","featuredImageSRC":"https:\/\/www.casasusa.nl\/wp-content\/uploads\/2025\/01\/capital-da-laranja-150x150.jpg"},"_links":{"self":[{"href":"https:\/\/www.casasusa.nl\/pt-pt\/wp-json\/wp\/v2\/posts\/4563","targetHints":{"allow":["GET"]}}],"collection":[{"href":"https:\/\/www.casasusa.nl\/pt-pt\/wp-json\/wp\/v2\/posts"}],"about":[{"href":"https:\/\/www.casasusa.nl\/pt-pt\/wp-json\/wp\/v2\/types\/post"}],"author":[{"embeddable":true,"href":"https:\/\/www.casasusa.nl\/pt-pt\/wp-json\/wp\/v2\/users\/1"}],"replies":[{"embeddable":true,"href":"https:\/\/www.casasusa.nl\/pt-pt\/wp-json\/wp\/v2\/comments?post=4563"}],"version-history":[{"count":3,"href":"https:\/\/www.casasusa.nl\/pt-pt\/wp-json\/wp\/v2\/posts\/4563\/revisions"}],"predecessor-version":[{"id":4569,"href":"https:\/\/www.casasusa.nl\/pt-pt\/wp-json\/wp\/v2\/posts\/4563\/revisions\/4569"}],"wp:featuredmedia":[{"embeddable":true,"href":"https:\/\/www.casasusa.nl\/pt-pt\/wp-json\/wp\/v2\/media\/4564"}],"wp:attachment":[{"href":"https:\/\/www.casasusa.nl\/pt-pt\/wp-json\/wp\/v2\/media?parent=4563"}],"wp:term":[{"taxonomy":"category","embeddable":true,"href":"https:\/\/www.casasusa.nl\/pt-pt\/wp-json\/wp\/v2\/categories?post=4563"},{"taxonomy":"post_tag","embeddable":true,"href":"https:\/\/www.casasusa.nl\/pt-pt\/wp-json\/wp\/v2\/tags?post=4563"}],"curies":[{"name":"wp","href":"https:\/\/api.w.org\/{rel}","templated":true}]}}