{"id":4542,"date":"2025-07-12T07:08:00","date_gmt":"2025-07-12T06:08:00","guid":{"rendered":"https:\/\/www.casasusa.nl\/sem-categoria\/feira-medieval-de-silves-2025\/"},"modified":"2026-05-01T11:41:42","modified_gmt":"2026-05-01T10:41:42","slug":"feira-medieval-de-silves-2025","status":"publish","type":"post","link":"https:\/\/www.casasusa.nl\/pt-pt\/noticias\/feira-medieval-de-silves-2025\/","title":{"rendered":"Feira Medieval de Silves 2025"},"content":{"rendered":"\n<p>De 8 a 16 de agosto de 2025, a cidade hist\u00f3rica de Silves transforma-se num vibrante mundo medieval durante a Feira Medieval de Silves, que celebra este ano a sua 20.\u00aa edi\u00e7\u00e3o. Durante nove dias, sentir-se-\u00e1 transportado para outra \u00e9poca \u2013 com cavaleiros, espadachins, artistas de rua, bancas de mercado e tabernas arom\u00e1ticas. O car\u00e1ter medieval de Silves, outrora a capital moura do Algarve, constitui o cen\u00e1rio perfeito para este grande evento, que atrai anualmente milhares de visitantes.  <\/p>\n\n<figure><img fetchpriority=\"high\" decoding=\"async\" src=\"https:\/\/www.casasusa.nl\/wp-content\/uploads\/2026\/01\/Histories-spektakel-241x300.jpg\" alt=\"Feira Medieval\" width=\"241\" height=\"300\"\/>\n<figcaption>Feira Medieval de 8 a 16 de agosto.<\/figcaption>\n<\/figure>\n\n<p>As ruas cobrem-se de palha, os visitantes vestem trajes hist\u00f3ricos e, tanto de dia como de noite, h\u00e1 entretenimento de sobra para todas as idades. De espet\u00e1culos de falcoaria a cuspidores de fogo, e de oficinas artesanais a cortejos de grande escala: esta feira faz renascer a hist\u00f3ria de Silves. <\/p>\n","protected":false},"excerpt":{"rendered":"<p>De 8 a 16 de agosto de 2025, a cidade hist\u00f3rica de Silves transforma-se num vibrante mundo medieval durante a Feira Medieval de Silves, que celebra este ano a sua 20.\u00aa edi\u00e7\u00e3o. Durante nove dias, sentir-se-\u00e1 transportado para outra \u00e9poca \u2013 com cavaleiros, espadachins, artistas de rua, bancas de mercado e tabernas arom\u00e1ticas. O car\u00e1ter &#8230;<\/p>\n","protected":false},"author":1,"featured_media":4546,"comment_status":"closed","ping_status":"open","sticky":false,"template":"","format":"standard","meta":{"loftocean_post_format_gallery":"","loftocean_post_format_gallery_ids":"","loftocean_post_format_gallery_urls":"","loftocean_post_format_video_id":0,"loftocean_post_format_video_url":"","loftocean_post_format_video_type":"","loftocean_post_format_video":"","loftocean_post_format_audio_type":"","loftocean_post_format_audio_url":"","loftocean_post_format_audio_id":0,"loftocean_post_format_audio":"","loftocean-like-count":0,"cozystay_single_post_hide_site_header":"","cozystay_single_post_site_header_source":"","cozystay_single_post_custom_site_header":"0","cozystay_single_post_custom_sticky_site_header":"0","cozystay_single_post_hide_page_title":"","cozystay_single_post_site_footer_hide_main":"","cozystay_single_custom_site_footer_main_source":"","cozystay_single_custom_site_footer_main":"0","cozystay_single_post_site_footer_hide_above":"","cozystay_single_custom_site_footer_above_source":"","cozystay_single_custom_site_footer_above":"0","cozystay_single_post_site_footer_hide_instagram":"","cozystay_single_post_site_footer_hide_bottom":"","cozystay_single_custom_mobile_menu_source":"","cozystay_single_custom_mobile_menu":"0","cozystay_single_custom_mobile_menu_animation":"","cozystay_single_custom_mobile_menu_width":"","cozystay_single_custom_mobile_menu_custom_width":375,"cozystay_single_post_template":"","footnotes":""},"categories":[265],"tags":[267,266],"class_list":["post-4542","post","type-post","status-publish","format-standard","has-post-thumbnail","hentry","category-noticias","tag-feira-medieval","tag-silves"],"yoast_head":"<!-- This site is optimized with the Yoast SEO plugin v27.5 - https:\/\/yoast.com\/product\/yoast-seo-wordpress\/ -->\n<title>Feira Medieval de Silves 2025 - CasaSusa<\/title>\n<meta name=\"robots\" content=\"index, follow, max-snippet:-1, max-image-preview:large, max-video-preview:-1\" \/>\n<link rel=\"canonical\" href=\"https:\/\/www.casasusa.nl\/pt-pt\/noticias\/feira-medieval-de-silves-2025\/\" \/>\n<meta property=\"og:locale\" content=\"pt_PT\" \/>\n<meta property=\"og:type\" content=\"article\" \/>\n<meta property=\"og:title\" content=\"Feira Medieval de Silves 2025 - CasaSusa\" \/>\n<meta property=\"og:description\" content=\"De 8 a 16 de agosto de 2025, a cidade hist\u00f3rica de Silves transforma-se num vibrante mundo medieval durante a Feira Medieval de Silves, que celebra este ano a sua 20.\u00aa edi\u00e7\u00e3o. Durante nove dias, sentir-se-\u00e1 transportado para outra \u00e9poca \u2013 com cavaleiros, espadachins, artistas de rua, bancas de mercado e tabernas arom\u00e1ticas. O car\u00e1ter ...\" \/>\n<meta property=\"og:url\" content=\"https:\/\/www.casasusa.nl\/pt-pt\/noticias\/feira-medieval-de-silves-2025\/\" \/>\n<meta property=\"og:site_name\" content=\"CasaSusa\" \/>\n<meta property=\"article:publisher\" content=\"https:\/\/www.facebook.com\/people\/Casa-Susa\/61575870086034\/\" \/>\n<meta property=\"article:published_time\" content=\"2025-07-12T06:08:00+00:00\" \/>\n<meta property=\"article:modified_time\" content=\"2026-05-01T10:41:42+00:00\" \/>\n<meta property=\"og:image\" content=\"https:\/\/www.casasusa.nl\/wp-content\/uploads\/2026\/01\/Histories-spektakel.jpg\" \/>\n\t<meta property=\"og:image:width\" content=\"828\" \/>\n\t<meta property=\"og:image:height\" content=\"1032\" \/>\n\t<meta property=\"og:image:type\" content=\"image\/jpeg\" \/>\n<meta name=\"author\" content=\"admin\" \/>\n<meta name=\"twitter:card\" content=\"summary_large_image\" \/>\n<meta name=\"twitter:label1\" content=\"Escrito por\" \/>\n\t<meta name=\"twitter:data1\" content=\"admin\" \/>\n\t<meta name=\"twitter:label2\" content=\"Tempo estimado de leitura\" \/>\n\t<meta name=\"twitter:data2\" content=\"1 minuto\" \/>\n<script type=\"application\/ld+json\" class=\"yoast-schema-graph\">{\"@context\":\"https:\\\/\\\/schema.org\",\"@graph\":[{\"@type\":\"Article\",\"@id\":\"https:\\\/\\\/www.casasusa.nl\\\/pt-pt\\\/noticias\\\/feira-medieval-de-silves-2025\\\/#article\",\"isPartOf\":{\"@id\":\"https:\\\/\\\/www.casasusa.nl\\\/pt-pt\\\/noticias\\\/feira-medieval-de-silves-2025\\\/\"},\"author\":{\"name\":\"admin\",\"@id\":\"https:\\\/\\\/www.casasusa.nl\\\/pt-pt\\\/#\\\/schema\\\/person\\\/c89fdfcc534ccdcad96632fbbe28aa10\"},\"headline\":\"Feira Medieval de Silves 2025\",\"datePublished\":\"2025-07-12T06:08:00+00:00\",\"dateModified\":\"2026-05-01T10:41:42+00:00\",\"mainEntityOfPage\":{\"@id\":\"https:\\\/\\\/www.casasusa.nl\\\/pt-pt\\\/noticias\\\/feira-medieval-de-silves-2025\\\/\"},\"wordCount\":141,\"image\":{\"@id\":\"https:\\\/\\\/www.casasusa.nl\\\/pt-pt\\\/noticias\\\/feira-medieval-de-silves-2025\\\/#primaryimage\"},\"thumbnailUrl\":\"https:\\\/\\\/www.casasusa.nl\\\/wp-content\\\/uploads\\\/2026\\\/01\\\/Histories-spektakel.jpg\",\"keywords\":[\"Feira medieval\",\"Silves\"],\"articleSection\":[\"Not\u00edcias\"],\"inLanguage\":\"pt-PT\"},{\"@type\":\"WebPage\",\"@id\":\"https:\\\/\\\/www.casasusa.nl\\\/pt-pt\\\/noticias\\\/feira-medieval-de-silves-2025\\\/\",\"url\":\"https:\\\/\\\/www.casasusa.nl\\\/pt-pt\\\/noticias\\\/feira-medieval-de-silves-2025\\\/\",\"name\":\"Feira Medieval de Silves 2025 - CasaSusa\",\"isPartOf\":{\"@id\":\"https:\\\/\\\/www.casasusa.nl\\\/pt-pt\\\/#website\"},\"primaryImageOfPage\":{\"@id\":\"https:\\\/\\\/www.casasusa.nl\\\/pt-pt\\\/noticias\\\/feira-medieval-de-silves-2025\\\/#primaryimage\"},\"image\":{\"@id\":\"https:\\\/\\\/www.casasusa.nl\\\/pt-pt\\\/noticias\\\/feira-medieval-de-silves-2025\\\/#primaryimage\"},\"thumbnailUrl\":\"https:\\\/\\\/www.casasusa.nl\\\/wp-content\\\/uploads\\\/2026\\\/01\\\/Histories-spektakel.jpg\",\"datePublished\":\"2025-07-12T06:08:00+00:00\",\"dateModified\":\"2026-05-01T10:41:42+00:00\",\"author\":{\"@id\":\"https:\\\/\\\/www.casasusa.nl\\\/pt-pt\\\/#\\\/schema\\\/person\\\/c89fdfcc534ccdcad96632fbbe28aa10\"},\"breadcrumb\":{\"@id\":\"https:\\\/\\\/www.casasusa.nl\\\/pt-pt\\\/noticias\\\/feira-medieval-de-silves-2025\\\/#breadcrumb\"},\"inLanguage\":\"pt-PT\",\"potentialAction\":[{\"@type\":\"ReadAction\",\"target\":[\"https:\\\/\\\/www.casasusa.nl\\\/pt-pt\\\/noticias\\\/feira-medieval-de-silves-2025\\\/\"]}]},{\"@type\":\"ImageObject\",\"inLanguage\":\"pt-PT\",\"@id\":\"https:\\\/\\\/www.casasusa.nl\\\/pt-pt\\\/noticias\\\/feira-medieval-de-silves-2025\\\/#primaryimage\",\"url\":\"https:\\\/\\\/www.casasusa.nl\\\/wp-content\\\/uploads\\\/2026\\\/01\\\/Histories-spektakel.jpg\",\"contentUrl\":\"https:\\\/\\\/www.casasusa.nl\\\/wp-content\\\/uploads\\\/2026\\\/01\\\/Histories-spektakel.jpg\",\"width\":828,\"height\":1032,\"caption\":\"Feira Medieval\"},{\"@type\":\"BreadcrumbList\",\"@id\":\"https:\\\/\\\/www.casasusa.nl\\\/pt-pt\\\/noticias\\\/feira-medieval-de-silves-2025\\\/#breadcrumb\",\"itemListElement\":[{\"@type\":\"ListItem\",\"position\":1,\"name\":\"Home\",\"item\":\"https:\\\/\\\/www.casasusa.nl\\\/pt-pt\\\/inicio\\\/\"},{\"@type\":\"ListItem\",\"position\":2,\"name\":\"Feira Medieval de Silves 2025\"}]},{\"@type\":\"WebSite\",\"@id\":\"https:\\\/\\\/www.casasusa.nl\\\/pt-pt\\\/#website\",\"url\":\"https:\\\/\\\/www.casasusa.nl\\\/pt-pt\\\/\",\"name\":\"Welkom bij CasaSusa\",\"description\":\"Schitterende woning in het centrum van historisch Silves\",\"potentialAction\":[{\"@type\":\"SearchAction\",\"target\":{\"@type\":\"EntryPoint\",\"urlTemplate\":\"https:\\\/\\\/www.casasusa.nl\\\/pt-pt\\\/?s={search_term_string}\"},\"query-input\":{\"@type\":\"PropertyValueSpecification\",\"valueRequired\":true,\"valueName\":\"search_term_string\"}}],\"inLanguage\":\"pt-PT\"},{\"@type\":\"Person\",\"@id\":\"https:\\\/\\\/www.casasusa.nl\\\/pt-pt\\\/#\\\/schema\\\/person\\\/c89fdfcc534ccdcad96632fbbe28aa10\",\"name\":\"admin\",\"image\":{\"@type\":\"ImageObject\",\"inLanguage\":\"pt-PT\",\"@id\":\"https:\\\/\\\/secure.gravatar.com\\\/avatar\\\/90a08fb15f019704b1796d5415137681e0b85d32994cb6547008a5e7dfa486d0?s=96&d=mm&r=g\",\"url\":\"https:\\\/\\\/secure.gravatar.com\\\/avatar\\\/90a08fb15f019704b1796d5415137681e0b85d32994cb6547008a5e7dfa486d0?s=96&d=mm&r=g\",\"contentUrl\":\"https:\\\/\\\/secure.gravatar.com\\\/avatar\\\/90a08fb15f019704b1796d5415137681e0b85d32994cb6547008a5e7dfa486d0?s=96&d=mm&r=g\",\"caption\":\"admin\"},\"sameAs\":[\"https:\\\/\\\/www.casasusa.nl\"],\"url\":\"https:\\\/\\\/www.casasusa.nl\\\/pt-pt\\\/author\\\/admin\\\/\"}]}<\/script>\n<!-- \/ Yoast SEO plugin. -->","yoast_head_json":{"title":"Feira Medieval de Silves 2025 - CasaSusa","robots":{"index":"index","follow":"follow","max-snippet":"max-snippet:-1","max-image-preview":"max-image-preview:large","max-video-preview":"max-video-preview:-1"},"canonical":"https:\/\/www.casasusa.nl\/pt-pt\/noticias\/feira-medieval-de-silves-2025\/","og_locale":"pt_PT","og_type":"article","og_title":"Feira Medieval de Silves 2025 - CasaSusa","og_description":"De 8 a 16 de agosto de 2025, a cidade hist\u00f3rica de Silves transforma-se num vibrante mundo medieval durante a Feira Medieval de Silves, que celebra este ano a sua 20.\u00aa edi\u00e7\u00e3o. Durante nove dias, sentir-se-\u00e1 transportado para outra \u00e9poca \u2013 com cavaleiros, espadachins, artistas de rua, bancas de mercado e tabernas arom\u00e1ticas. O car\u00e1ter ...","og_url":"https:\/\/www.casasusa.nl\/pt-pt\/noticias\/feira-medieval-de-silves-2025\/","og_site_name":"CasaSusa","article_publisher":"https:\/\/www.facebook.com\/people\/Casa-Susa\/61575870086034\/","article_published_time":"2025-07-12T06:08:00+00:00","article_modified_time":"2026-05-01T10:41:42+00:00","og_image":[{"width":828,"height":1032,"url":"https:\/\/www.casasusa.nl\/wp-content\/uploads\/2026\/01\/Histories-spektakel.jpg","type":"image\/jpeg"}],"author":"admin","twitter_card":"summary_large_image","twitter_misc":{"Escrito por":"admin","Tempo estimado de leitura":"1 minuto"},"schema":{"@context":"https:\/\/schema.org","@graph":[{"@type":"Article","@id":"https:\/\/www.casasusa.nl\/pt-pt\/noticias\/feira-medieval-de-silves-2025\/#article","isPartOf":{"@id":"https:\/\/www.casasusa.nl\/pt-pt\/noticias\/feira-medieval-de-silves-2025\/"},"author":{"name":"admin","@id":"https:\/\/www.casasusa.nl\/pt-pt\/#\/schema\/person\/c89fdfcc534ccdcad96632fbbe28aa10"},"headline":"Feira Medieval de Silves 2025","datePublished":"2025-07-12T06:08:00+00:00","dateModified":"2026-05-01T10:41:42+00:00","mainEntityOfPage":{"@id":"https:\/\/www.casasusa.nl\/pt-pt\/noticias\/feira-medieval-de-silves-2025\/"},"wordCount":141,"image":{"@id":"https:\/\/www.casasusa.nl\/pt-pt\/noticias\/feira-medieval-de-silves-2025\/#primaryimage"},"thumbnailUrl":"https:\/\/www.casasusa.nl\/wp-content\/uploads\/2026\/01\/Histories-spektakel.jpg","keywords":["Feira medieval","Silves"],"articleSection":["Not\u00edcias"],"inLanguage":"pt-PT"},{"@type":"WebPage","@id":"https:\/\/www.casasusa.nl\/pt-pt\/noticias\/feira-medieval-de-silves-2025\/","url":"https:\/\/www.casasusa.nl\/pt-pt\/noticias\/feira-medieval-de-silves-2025\/","name":"Feira Medieval de Silves 2025 - CasaSusa","isPartOf":{"@id":"https:\/\/www.casasusa.nl\/pt-pt\/#website"},"primaryImageOfPage":{"@id":"https:\/\/www.casasusa.nl\/pt-pt\/noticias\/feira-medieval-de-silves-2025\/#primaryimage"},"image":{"@id":"https:\/\/www.casasusa.nl\/pt-pt\/noticias\/feira-medieval-de-silves-2025\/#primaryimage"},"thumbnailUrl":"https:\/\/www.casasusa.nl\/wp-content\/uploads\/2026\/01\/Histories-spektakel.jpg","datePublished":"2025-07-12T06:08:00+00:00","dateModified":"2026-05-01T10:41:42+00:00","author":{"@id":"https:\/\/www.casasusa.nl\/pt-pt\/#\/schema\/person\/c89fdfcc534ccdcad96632fbbe28aa10"},"breadcrumb":{"@id":"https:\/\/www.casasusa.nl\/pt-pt\/noticias\/feira-medieval-de-silves-2025\/#breadcrumb"},"inLanguage":"pt-PT","potentialAction":[{"@type":"ReadAction","target":["https:\/\/www.casasusa.nl\/pt-pt\/noticias\/feira-medieval-de-silves-2025\/"]}]},{"@type":"ImageObject","inLanguage":"pt-PT","@id":"https:\/\/www.casasusa.nl\/pt-pt\/noticias\/feira-medieval-de-silves-2025\/#primaryimage","url":"https:\/\/www.casasusa.nl\/wp-content\/uploads\/2026\/01\/Histories-spektakel.jpg","contentUrl":"https:\/\/www.casasusa.nl\/wp-content\/uploads\/2026\/01\/Histories-spektakel.jpg","width":828,"height":1032,"caption":"Feira Medieval"},{"@type":"BreadcrumbList","@id":"https:\/\/www.casasusa.nl\/pt-pt\/noticias\/feira-medieval-de-silves-2025\/#breadcrumb","itemListElement":[{"@type":"ListItem","position":1,"name":"Home","item":"https:\/\/www.casasusa.nl\/pt-pt\/inicio\/"},{"@type":"ListItem","position":2,"name":"Feira Medieval de Silves 2025"}]},{"@type":"WebSite","@id":"https:\/\/www.casasusa.nl\/pt-pt\/#website","url":"https:\/\/www.casasusa.nl\/pt-pt\/","name":"Welkom bij CasaSusa","description":"Schitterende woning in het centrum van historisch Silves","potentialAction":[{"@type":"SearchAction","target":{"@type":"EntryPoint","urlTemplate":"https:\/\/www.casasusa.nl\/pt-pt\/?s={search_term_string}"},"query-input":{"@type":"PropertyValueSpecification","valueRequired":true,"valueName":"search_term_string"}}],"inLanguage":"pt-PT"},{"@type":"Person","@id":"https:\/\/www.casasusa.nl\/pt-pt\/#\/schema\/person\/c89fdfcc534ccdcad96632fbbe28aa10","name":"admin","image":{"@type":"ImageObject","inLanguage":"pt-PT","@id":"https:\/\/secure.gravatar.com\/avatar\/90a08fb15f019704b1796d5415137681e0b85d32994cb6547008a5e7dfa486d0?s=96&d=mm&r=g","url":"https:\/\/secure.gravatar.com\/avatar\/90a08fb15f019704b1796d5415137681e0b85d32994cb6547008a5e7dfa486d0?s=96&d=mm&r=g","contentUrl":"https:\/\/secure.gravatar.com\/avatar\/90a08fb15f019704b1796d5415137681e0b85d32994cb6547008a5e7dfa486d0?s=96&d=mm&r=g","caption":"admin"},"sameAs":["https:\/\/www.casasusa.nl"],"url":"https:\/\/www.casasusa.nl\/pt-pt\/author\/admin\/"}]}},"loftoceanMetas":{"authorName":"admin","categories":[{"name":"Not\u00edcias","link":"https:\/\/www.casasusa.nl\/pt-pt\/category\/noticias\/","count":2}],"date":"12 de Julho, 2025","featuredImageSRC":"https:\/\/www.casasusa.nl\/wp-content\/uploads\/2026\/01\/Histories-spektakel-150x150.jpg"},"_links":{"self":[{"href":"https:\/\/www.casasusa.nl\/pt-pt\/wp-json\/wp\/v2\/posts\/4542","targetHints":{"allow":["GET"]}}],"collection":[{"href":"https:\/\/www.casasusa.nl\/pt-pt\/wp-json\/wp\/v2\/posts"}],"about":[{"href":"https:\/\/www.casasusa.nl\/pt-pt\/wp-json\/wp\/v2\/types\/post"}],"author":[{"embeddable":true,"href":"https:\/\/www.casasusa.nl\/pt-pt\/wp-json\/wp\/v2\/users\/1"}],"replies":[{"embeddable":true,"href":"https:\/\/www.casasusa.nl\/pt-pt\/wp-json\/wp\/v2\/comments?post=4542"}],"version-history":[{"count":1,"href":"https:\/\/www.casasusa.nl\/pt-pt\/wp-json\/wp\/v2\/posts\/4542\/revisions"}],"predecessor-version":[{"id":4550,"href":"https:\/\/www.casasusa.nl\/pt-pt\/wp-json\/wp\/v2\/posts\/4542\/revisions\/4550"}],"wp:featuredmedia":[{"embeddable":true,"href":"https:\/\/www.casasusa.nl\/pt-pt\/wp-json\/wp\/v2\/media\/4546"}],"wp:attachment":[{"href":"https:\/\/www.casasusa.nl\/pt-pt\/wp-json\/wp\/v2\/media?parent=4542"}],"wp:term":[{"taxonomy":"category","embeddable":true,"href":"https:\/\/www.casasusa.nl\/pt-pt\/wp-json\/wp\/v2\/categories?post=4542"},{"taxonomy":"post_tag","embeddable":true,"href":"https:\/\/www.casasusa.nl\/pt-pt\/wp-json\/wp\/v2\/tags?post=4542"}],"curies":[{"name":"wp","href":"https:\/\/api.w.org\/{rel}","templated":true}]}}