{"id":262,"count":1,"description":"Del 8 al 16 de agosto de 2025, la hist\u00f3rica ciudad de Silves se transforma en un vibrante mundo medieval para la 20.\u00aa edici\u00f3n de la Feira Medieval de Silves. Durante nueve d\u00edas, te sentir\u00e1s transportado a otra \u00e9poca, con caballeros, espadachines, artistas callejeros, puestos de mercado y tabernas con aromas tradicionales. El car\u00e1cter medieval de Silves, antigua capital musulmana del Algarve, constituye el escenario perfecto para este gran evento, que atrae a miles de visitantes cada a\u00f1o.  ","link":"https:\/\/www.casasusa.nl\/es\/tag\/feira-medieval\/","name":"Feira medieval","slug":"feira-medieval","taxonomy":"post_tag","meta":[],"yoast_head":"<!-- This site is optimized with the Yoast SEO plugin v27.5 - https:\/\/yoast.com\/product\/yoast-seo-wordpress\/ -->\n<title>Feira medieval Archives - CasaSusa<\/title>\n<meta name=\"robots\" content=\"index, follow, max-snippet:-1, max-image-preview:large, max-video-preview:-1\" \/>\n<link rel=\"canonical\" href=\"https:\/\/www.casasusa.nl\/es\/tag\/feira-medieval\/\" \/>\n<meta property=\"og:locale\" content=\"es_ES\" \/>\n<meta property=\"og:type\" content=\"article\" \/>\n<meta property=\"og:title\" content=\"Feira medieval Archives - CasaSusa\" \/>\n<meta property=\"og:description\" content=\"Del 8 al 16 de agosto de 2025, la hist\u00f3rica ciudad de Silves se transforma en un vibrante mundo medieval para la 20.\u00aa edici\u00f3n de la Feira Medieval de Silves. Durante nueve d\u00edas, te sentir\u00e1s transportado a otra \u00e9poca, con caballeros, espadachines, artistas callejeros, puestos de mercado y tabernas con aromas tradicionales. El car\u00e1cter medieval de Silves, antigua capital musulmana del Algarve, constituye el escenario perfecto para este gran evento, que atrae a miles de visitantes cada a\u00f1o.\" \/>\n<meta property=\"og:url\" content=\"https:\/\/www.casasusa.nl\/es\/tag\/feira-medieval\/\" \/>\n<meta property=\"og:site_name\" content=\"CasaSusa\" \/>\n<meta name=\"twitter:card\" content=\"summary_large_image\" \/>\n<script type=\"application\/ld+json\" class=\"yoast-schema-graph\">{\"@context\":\"https:\\\/\\\/schema.org\",\"@graph\":[{\"@type\":\"CollectionPage\",\"@id\":\"https:\\\/\\\/www.casasusa.nl\\\/es\\\/tag\\\/feira-medieval\\\/\",\"url\":\"https:\\\/\\\/www.casasusa.nl\\\/es\\\/tag\\\/feira-medieval\\\/\",\"name\":\"Feira medieval Archives - CasaSusa\",\"isPartOf\":{\"@id\":\"https:\\\/\\\/www.casasusa.nl\\\/es\\\/#website\"},\"breadcrumb\":{\"@id\":\"https:\\\/\\\/www.casasusa.nl\\\/es\\\/tag\\\/feira-medieval\\\/#breadcrumb\"},\"inLanguage\":\"es\"},{\"@type\":\"BreadcrumbList\",\"@id\":\"https:\\\/\\\/www.casasusa.nl\\\/es\\\/tag\\\/feira-medieval\\\/#breadcrumb\",\"itemListElement\":[{\"@type\":\"ListItem\",\"position\":1,\"name\":\"Home\",\"item\":\"https:\\\/\\\/www.casasusa.nl\\\/es\\\/inicio\\\/\"},{\"@type\":\"ListItem\",\"position\":2,\"name\":\"Feira medieval\"}]},{\"@type\":\"WebSite\",\"@id\":\"https:\\\/\\\/www.casasusa.nl\\\/es\\\/#website\",\"url\":\"https:\\\/\\\/www.casasusa.nl\\\/es\\\/\",\"name\":\"Welkom bij CasaSusa\",\"description\":\"Schitterende woning in het centrum van historisch Silves\",\"potentialAction\":[{\"@type\":\"SearchAction\",\"target\":{\"@type\":\"EntryPoint\",\"urlTemplate\":\"https:\\\/\\\/www.casasusa.nl\\\/es\\\/?s={search_term_string}\"},\"query-input\":{\"@type\":\"PropertyValueSpecification\",\"valueRequired\":true,\"valueName\":\"search_term_string\"}}],\"inLanguage\":\"es\"}]}<\/script>\n<!-- \/ Yoast SEO plugin. -->","yoast_head_json":{"title":"Feira medieval Archives - CasaSusa","robots":{"index":"index","follow":"follow","max-snippet":"max-snippet:-1","max-image-preview":"max-image-preview:large","max-video-preview":"max-video-preview:-1"},"canonical":"https:\/\/www.casasusa.nl\/es\/tag\/feira-medieval\/","og_locale":"es_ES","og_type":"article","og_title":"Feira medieval Archives - CasaSusa","og_description":"Del 8 al 16 de agosto de 2025, la hist\u00f3rica ciudad de Silves se transforma en un vibrante mundo medieval para la 20.\u00aa edici\u00f3n de la Feira Medieval de Silves. Durante nueve d\u00edas, te sentir\u00e1s transportado a otra \u00e9poca, con caballeros, espadachines, artistas callejeros, puestos de mercado y tabernas con aromas tradicionales. El car\u00e1cter medieval de Silves, antigua capital musulmana del Algarve, constituye el escenario perfecto para este gran evento, que atrae a miles de visitantes cada a\u00f1o.","og_url":"https:\/\/www.casasusa.nl\/es\/tag\/feira-medieval\/","og_site_name":"CasaSusa","twitter_card":"summary_large_image","schema":{"@context":"https:\/\/schema.org","@graph":[{"@type":"CollectionPage","@id":"https:\/\/www.casasusa.nl\/es\/tag\/feira-medieval\/","url":"https:\/\/www.casasusa.nl\/es\/tag\/feira-medieval\/","name":"Feira medieval Archives - CasaSusa","isPartOf":{"@id":"https:\/\/www.casasusa.nl\/es\/#website"},"breadcrumb":{"@id":"https:\/\/www.casasusa.nl\/es\/tag\/feira-medieval\/#breadcrumb"},"inLanguage":"es"},{"@type":"BreadcrumbList","@id":"https:\/\/www.casasusa.nl\/es\/tag\/feira-medieval\/#breadcrumb","itemListElement":[{"@type":"ListItem","position":1,"name":"Home","item":"https:\/\/www.casasusa.nl\/es\/inicio\/"},{"@type":"ListItem","position":2,"name":"Feira medieval"}]},{"@type":"WebSite","@id":"https:\/\/www.casasusa.nl\/es\/#website","url":"https:\/\/www.casasusa.nl\/es\/","name":"Welkom bij CasaSusa","description":"Schitterende woning in het centrum van historisch Silves","potentialAction":[{"@type":"SearchAction","target":{"@type":"EntryPoint","urlTemplate":"https:\/\/www.casasusa.nl\/es\/?s={search_term_string}"},"query-input":{"@type":"PropertyValueSpecification","valueRequired":true,"valueName":"search_term_string"}}],"inLanguage":"es"}]}},"_links":{"self":[{"href":"https:\/\/www.casasusa.nl\/es\/wp-json\/wp\/v2\/tags\/262","targetHints":{"allow":["GET"]}}],"collection":[{"href":"https:\/\/www.casasusa.nl\/es\/wp-json\/wp\/v2\/tags"}],"about":[{"href":"https:\/\/www.casasusa.nl\/es\/wp-json\/wp\/v2\/taxonomies\/post_tag"}],"wp:post_type":[{"href":"https:\/\/www.casasusa.nl\/es\/wp-json\/wp\/v2\/posts?tags=262"}],"curies":[{"name":"wp","href":"https:\/\/api.w.org\/{rel}","templated":true}]}}