{"id":4507,"date":"2025-01-18T06:43:00","date_gmt":"2025-01-18T05:43:00","guid":{"rendered":"https:\/\/www.casasusa.nl\/sin-categorizar\/capital-naranja-2025\/"},"modified":"2026-04-29T10:39:23","modified_gmt":"2026-04-29T09:39:23","slug":"capital-naranja-2025","status":"publish","type":"post","link":"https:\/\/www.casasusa.nl\/es\/noticias\/capital-naranja-2025\/","title":{"rendered":"Capital naranja 2025"},"content":{"rendered":"\n<p>Silves se est\u00e1 preparando para la novena edici\u00f3n de la Exposici\u00f3n Capital Naranja.<\/p>\n\n<p>La ciudad de Silves se reafirma como referente nacional en el cultivo de c\u00edtricos con la novena edici\u00f3n de la Exposici\u00f3n Capital Naranja de Silves, que tendr\u00e1 lugar del 14 al 16 de febrero de 2025 en FISSUL. El evento contar\u00e1 con actuaciones de Carminho, Os Quatro e Meia y Rouxinol Faduncho, en un programa que combina cultura, gastronom\u00eda y debates sobre los retos que afronta el sector agr\u00edcola. <\/p>\n\n<p>Aspectos destacados del evento: La Feria de la Capital de la Naranja de Silves re\u00fane a decenas de expositores y productores del sector c\u00edtrico, as\u00ed como a asociaciones locales y organizaciones regionales. Durante tres d\u00edas, los visitantes podr\u00e1n degustar y comprar productos regionales, vinos, dulces, artesan\u00edas y, por supuesto, la emblem\u00e1tica naranja de Silves. El evento comienza oficialmente el 14 de febrero a las 10:30 h con la Conferencia Naranja XXI, que este a\u00f1o se titula \u00abEl agua que conecta\u00bb y se centra en los retos h\u00eddricos en la agricultura y la gesti\u00f3n sostenible de los recursos h\u00eddricos. A lo largo del fin de semana, el evento tambi\u00e9n ofrece seminarios, concursos y debates de inter\u00e9s para los sectores agr\u00edcola y empresarial.   <\/p>\n\n<figure class=\"wp-block-image size-large\"><img fetchpriority=\"high\" decoding=\"async\" width=\"1024\" height=\"496\" src=\"https:\/\/www.casasusa.nl\/wp-content\/uploads\/2023\/04\/Capital-da-laranja-2025-1024x496.jpg\" alt=\"\" class=\"wp-image-2404\" srcset=\"https:\/\/www.casasusa.nl\/wp-content\/uploads\/2023\/04\/Capital-da-laranja-2025-1024x496.jpg 1024w, https:\/\/www.casasusa.nl\/wp-content\/uploads\/2023\/04\/Capital-da-laranja-2025-300x145.jpg 300w, https:\/\/www.casasusa.nl\/wp-content\/uploads\/2023\/04\/Capital-da-laranja-2025-768x372.jpg 768w, https:\/\/www.casasusa.nl\/wp-content\/uploads\/2023\/04\/Capital-da-laranja-2025-1200x581.jpg 1200w, https:\/\/www.casasusa.nl\/wp-content\/uploads\/2023\/04\/Capital-da-laranja-2025-780x378.jpg 780w, https:\/\/www.casasusa.nl\/wp-content\/uploads\/2023\/04\/Capital-da-laranja-2025-600x291.jpg 600w, https:\/\/www.casasusa.nl\/wp-content\/uploads\/2023\/04\/Capital-da-laranja-2025-550x266.jpg 550w, https:\/\/www.casasusa.nl\/wp-content\/uploads\/2023\/04\/Capital-da-laranja-2025-370x179.jpg 370w, https:\/\/www.casasusa.nl\/wp-content\/uploads\/2023\/04\/Capital-da-laranja-2025-255x124.jpg 255w, https:\/\/www.casasusa.nl\/wp-content\/uploads\/2023\/04\/Capital-da-laranja-2025-150x73.jpg 150w, https:\/\/www.casasusa.nl\/wp-content\/uploads\/2023\/04\/Capital-da-laranja-2025.jpg 1280w\" sizes=\"(max-width: 1024px) 100vw, 1024px\" \/><\/figure>\n\n<p>M\u00fasica y tradici\u00f3n en primer plano La Muestra de la Capital Naranja de Silves no se limita al sector agr\u00edcola y tambi\u00e9n ofrece un variado programa musical. <br\/>Los siguientes artistas se presentar\u00e1n en el escenario principal: <br\/>Carminho \u2013 14 de febrero, 22:00 h <br\/>Os Quatro e Meia \u2013 15 de febrero, 22:00 h <br\/>Rouxinol Faduncho \u2013 16 de febrero, 18:00 h <br\/>Adem\u00e1s de los conciertos, habr\u00e1 espect\u00e1culos de danza tradicional, actividades para ni\u00f1os y la emblem\u00e1tica Marcha de San Valent\u00edn, un evento que ya se ha consolidado en el calendario cultural de Sergipe. Fin de semana con sabor a naranja Simult\u00e1neamente a la muestra, del 13 al 16 de febrero, se celebra la 9.\u00aa edici\u00f3n del Fin de semana con sabor a naranja.  Los restaurantes participantes de Silves presentar\u00e1n platos innovadores con naranjas de Silves como ingrediente principal. <br\/><br\/>Programa<br\/>14 de febrero: 10:00 &#8211; 00:00<br\/>15 de febrero: 10:00 &#8211; 00:00<br\/>16 de febrero: 10:00 &#8211; 20:00<\/p>\n","protected":false},"excerpt":{"rendered":"<p>Silves se est\u00e1 preparando para la novena edici\u00f3n de la Exposici\u00f3n Capital Naranja. La ciudad de Silves se reafirma como referente nacional en el cultivo de c\u00edtricos con la novena edici\u00f3n de la Exposici\u00f3n Capital Naranja de Silves, que tendr\u00e1 lugar del 14 al 16 de febrero de 2025 en FISSUL. El evento contar\u00e1 con &#8230;<\/p>\n","protected":false},"author":1,"featured_media":4508,"comment_status":"closed","ping_status":"open","sticky":false,"template":"","format":"standard","meta":{"loftocean_post_format_gallery":"","loftocean_post_format_gallery_ids":"","loftocean_post_format_gallery_urls":"","loftocean_post_format_video_id":0,"loftocean_post_format_video_url":"","loftocean_post_format_video_type":"","loftocean_post_format_video":"","loftocean_post_format_audio_type":"","loftocean_post_format_audio_url":"","loftocean_post_format_audio_id":0,"loftocean_post_format_audio":"","loftocean-like-count":0,"cozystay_single_post_hide_site_header":"","cozystay_single_post_site_header_source":"","cozystay_single_post_custom_site_header":"0","cozystay_single_post_custom_sticky_site_header":"0","cozystay_single_post_hide_page_title":"","cozystay_single_post_site_footer_hide_main":"","cozystay_single_custom_site_footer_main_source":"","cozystay_single_custom_site_footer_main":"0","cozystay_single_post_site_footer_hide_above":"","cozystay_single_custom_site_footer_above_source":"","cozystay_single_custom_site_footer_above":"0","cozystay_single_post_site_footer_hide_instagram":"","cozystay_single_post_site_footer_hide_bottom":"","cozystay_single_custom_mobile_menu_source":"","cozystay_single_custom_mobile_menu":"0","cozystay_single_custom_mobile_menu_animation":"","cozystay_single_custom_mobile_menu_width":"","cozystay_single_custom_mobile_menu_custom_width":375,"cozystay_single_post_template":"","footnotes":""},"categories":[260,263],"tags":[264,261],"class_list":["post-4507","post","type-post","status-publish","format-standard","has-post-thumbnail","hentry","category-noticias","category-silves-actividades","tag-capital-naranja","tag-silves"],"yoast_head":"<!-- This site is optimized with the Yoast SEO plugin v27.5 - https:\/\/yoast.com\/product\/yoast-seo-wordpress\/ -->\n<title>Capital naranja 2025 - CasaSusa<\/title>\n<meta name=\"robots\" content=\"index, follow, max-snippet:-1, max-image-preview:large, max-video-preview:-1\" \/>\n<link rel=\"canonical\" href=\"https:\/\/www.casasusa.nl\/es\/noticias\/capital-naranja-2025\/\" \/>\n<meta property=\"og:locale\" content=\"es_ES\" \/>\n<meta property=\"og:type\" content=\"article\" \/>\n<meta property=\"og:title\" content=\"Capital naranja 2025 - CasaSusa\" \/>\n<meta property=\"og:description\" content=\"Silves se est\u00e1 preparando para la novena edici\u00f3n de la Exposici\u00f3n Capital Naranja. La ciudad de Silves se reafirma como referente nacional en el cultivo de c\u00edtricos con la novena edici\u00f3n de la Exposici\u00f3n Capital Naranja de Silves, que tendr\u00e1 lugar del 14 al 16 de febrero de 2025 en FISSUL. El evento contar\u00e1 con ...\" \/>\n<meta property=\"og:url\" content=\"https:\/\/www.casasusa.nl\/es\/noticias\/capital-naranja-2025\/\" \/>\n<meta property=\"og:site_name\" content=\"CasaSusa\" \/>\n<meta property=\"article:publisher\" content=\"https:\/\/www.facebook.com\/people\/Casa-Susa\/61575870086034\/\" \/>\n<meta property=\"article:published_time\" content=\"2025-01-18T05:43:00+00:00\" \/>\n<meta property=\"article:modified_time\" content=\"2026-04-29T09:39:23+00:00\" \/>\n<meta property=\"og:image\" content=\"https:\/\/www.casasusa.nl\/wp-content\/uploads\/2025\/01\/capital-da-laranja-scaled.jpg\" \/>\n\t<meta property=\"og:image:width\" content=\"2560\" \/>\n\t<meta property=\"og:image:height\" content=\"1465\" \/>\n\t<meta property=\"og:image:type\" content=\"image\/jpeg\" \/>\n<meta name=\"author\" content=\"admin\" \/>\n<meta name=\"twitter:card\" content=\"summary_large_image\" \/>\n<meta name=\"twitter:label1\" content=\"Escrito por\" \/>\n\t<meta name=\"twitter:data1\" content=\"admin\" \/>\n\t<meta name=\"twitter:label2\" content=\"Tiempo de lectura\" \/>\n\t<meta name=\"twitter:data2\" content=\"2 minutos\" \/>\n<script type=\"application\/ld+json\" class=\"yoast-schema-graph\">{\"@context\":\"https:\\\/\\\/schema.org\",\"@graph\":[{\"@type\":\"Article\",\"@id\":\"https:\\\/\\\/www.casasusa.nl\\\/es\\\/noticias\\\/capital-naranja-2025\\\/#article\",\"isPartOf\":{\"@id\":\"https:\\\/\\\/www.casasusa.nl\\\/es\\\/noticias\\\/capital-naranja-2025\\\/\"},\"author\":{\"name\":\"admin\",\"@id\":\"https:\\\/\\\/www.casasusa.nl\\\/es\\\/#\\\/schema\\\/person\\\/c89fdfcc534ccdcad96632fbbe28aa10\"},\"headline\":\"Capital naranja 2025\",\"datePublished\":\"2025-01-18T05:43:00+00:00\",\"dateModified\":\"2026-04-29T09:39:23+00:00\",\"mainEntityOfPage\":{\"@id\":\"https:\\\/\\\/www.casasusa.nl\\\/es\\\/noticias\\\/capital-naranja-2025\\\/\"},\"wordCount\":369,\"image\":{\"@id\":\"https:\\\/\\\/www.casasusa.nl\\\/es\\\/noticias\\\/capital-naranja-2025\\\/#primaryimage\"},\"thumbnailUrl\":\"https:\\\/\\\/www.casasusa.nl\\\/wp-content\\\/uploads\\\/2025\\\/01\\\/capital-da-laranja-scaled.jpg\",\"keywords\":[\"capital naranja\",\"Silves\"],\"articleSection\":[\"Noticias\",\"Silves Actividades\"],\"inLanguage\":\"es\"},{\"@type\":\"WebPage\",\"@id\":\"https:\\\/\\\/www.casasusa.nl\\\/es\\\/noticias\\\/capital-naranja-2025\\\/\",\"url\":\"https:\\\/\\\/www.casasusa.nl\\\/es\\\/noticias\\\/capital-naranja-2025\\\/\",\"name\":\"Capital naranja 2025 - CasaSusa\",\"isPartOf\":{\"@id\":\"https:\\\/\\\/www.casasusa.nl\\\/es\\\/#website\"},\"primaryImageOfPage\":{\"@id\":\"https:\\\/\\\/www.casasusa.nl\\\/es\\\/noticias\\\/capital-naranja-2025\\\/#primaryimage\"},\"image\":{\"@id\":\"https:\\\/\\\/www.casasusa.nl\\\/es\\\/noticias\\\/capital-naranja-2025\\\/#primaryimage\"},\"thumbnailUrl\":\"https:\\\/\\\/www.casasusa.nl\\\/wp-content\\\/uploads\\\/2025\\\/01\\\/capital-da-laranja-scaled.jpg\",\"datePublished\":\"2025-01-18T05:43:00+00:00\",\"dateModified\":\"2026-04-29T09:39:23+00:00\",\"author\":{\"@id\":\"https:\\\/\\\/www.casasusa.nl\\\/es\\\/#\\\/schema\\\/person\\\/c89fdfcc534ccdcad96632fbbe28aa10\"},\"breadcrumb\":{\"@id\":\"https:\\\/\\\/www.casasusa.nl\\\/es\\\/noticias\\\/capital-naranja-2025\\\/#breadcrumb\"},\"inLanguage\":\"es\",\"potentialAction\":[{\"@type\":\"ReadAction\",\"target\":[\"https:\\\/\\\/www.casasusa.nl\\\/es\\\/noticias\\\/capital-naranja-2025\\\/\"]}]},{\"@type\":\"ImageObject\",\"inLanguage\":\"es\",\"@id\":\"https:\\\/\\\/www.casasusa.nl\\\/es\\\/noticias\\\/capital-naranja-2025\\\/#primaryimage\",\"url\":\"https:\\\/\\\/www.casasusa.nl\\\/wp-content\\\/uploads\\\/2025\\\/01\\\/capital-da-laranja-scaled.jpg\",\"contentUrl\":\"https:\\\/\\\/www.casasusa.nl\\\/wp-content\\\/uploads\\\/2025\\\/01\\\/capital-da-laranja-scaled.jpg\",\"width\":2560,\"height\":1465,\"caption\":\"Silves, capital naranja\"},{\"@type\":\"BreadcrumbList\",\"@id\":\"https:\\\/\\\/www.casasusa.nl\\\/es\\\/noticias\\\/capital-naranja-2025\\\/#breadcrumb\",\"itemListElement\":[{\"@type\":\"ListItem\",\"position\":1,\"name\":\"Home\",\"item\":\"https:\\\/\\\/www.casasusa.nl\\\/es\\\/inicio\\\/\"},{\"@type\":\"ListItem\",\"position\":2,\"name\":\"Capital naranja 2025\"}]},{\"@type\":\"WebSite\",\"@id\":\"https:\\\/\\\/www.casasusa.nl\\\/es\\\/#website\",\"url\":\"https:\\\/\\\/www.casasusa.nl\\\/es\\\/\",\"name\":\"Welkom bij CasaSusa\",\"description\":\"Schitterende woning in het centrum van historisch Silves\",\"potentialAction\":[{\"@type\":\"SearchAction\",\"target\":{\"@type\":\"EntryPoint\",\"urlTemplate\":\"https:\\\/\\\/www.casasusa.nl\\\/es\\\/?s={search_term_string}\"},\"query-input\":{\"@type\":\"PropertyValueSpecification\",\"valueRequired\":true,\"valueName\":\"search_term_string\"}}],\"inLanguage\":\"es\"},{\"@type\":\"Person\",\"@id\":\"https:\\\/\\\/www.casasusa.nl\\\/es\\\/#\\\/schema\\\/person\\\/c89fdfcc534ccdcad96632fbbe28aa10\",\"name\":\"admin\",\"image\":{\"@type\":\"ImageObject\",\"inLanguage\":\"es\",\"@id\":\"https:\\\/\\\/secure.gravatar.com\\\/avatar\\\/90a08fb15f019704b1796d5415137681e0b85d32994cb6547008a5e7dfa486d0?s=96&d=mm&r=g\",\"url\":\"https:\\\/\\\/secure.gravatar.com\\\/avatar\\\/90a08fb15f019704b1796d5415137681e0b85d32994cb6547008a5e7dfa486d0?s=96&d=mm&r=g\",\"contentUrl\":\"https:\\\/\\\/secure.gravatar.com\\\/avatar\\\/90a08fb15f019704b1796d5415137681e0b85d32994cb6547008a5e7dfa486d0?s=96&d=mm&r=g\",\"caption\":\"admin\"},\"sameAs\":[\"https:\\\/\\\/www.casasusa.nl\"],\"url\":\"https:\\\/\\\/www.casasusa.nl\\\/es\\\/author\\\/admin\\\/\"}]}<\/script>\n<!-- \/ Yoast SEO plugin. -->","yoast_head_json":{"title":"Capital naranja 2025 - CasaSusa","robots":{"index":"index","follow":"follow","max-snippet":"max-snippet:-1","max-image-preview":"max-image-preview:large","max-video-preview":"max-video-preview:-1"},"canonical":"https:\/\/www.casasusa.nl\/es\/noticias\/capital-naranja-2025\/","og_locale":"es_ES","og_type":"article","og_title":"Capital naranja 2025 - CasaSusa","og_description":"Silves se est\u00e1 preparando para la novena edici\u00f3n de la Exposici\u00f3n Capital Naranja. La ciudad de Silves se reafirma como referente nacional en el cultivo de c\u00edtricos con la novena edici\u00f3n de la Exposici\u00f3n Capital Naranja de Silves, que tendr\u00e1 lugar del 14 al 16 de febrero de 2025 en FISSUL. El evento contar\u00e1 con ...","og_url":"https:\/\/www.casasusa.nl\/es\/noticias\/capital-naranja-2025\/","og_site_name":"CasaSusa","article_publisher":"https:\/\/www.facebook.com\/people\/Casa-Susa\/61575870086034\/","article_published_time":"2025-01-18T05:43:00+00:00","article_modified_time":"2026-04-29T09:39:23+00:00","og_image":[{"width":2560,"height":1465,"url":"https:\/\/www.casasusa.nl\/wp-content\/uploads\/2025\/01\/capital-da-laranja-scaled.jpg","type":"image\/jpeg"}],"author":"admin","twitter_card":"summary_large_image","twitter_misc":{"Escrito por":"admin","Tiempo de lectura":"2 minutos"},"schema":{"@context":"https:\/\/schema.org","@graph":[{"@type":"Article","@id":"https:\/\/www.casasusa.nl\/es\/noticias\/capital-naranja-2025\/#article","isPartOf":{"@id":"https:\/\/www.casasusa.nl\/es\/noticias\/capital-naranja-2025\/"},"author":{"name":"admin","@id":"https:\/\/www.casasusa.nl\/es\/#\/schema\/person\/c89fdfcc534ccdcad96632fbbe28aa10"},"headline":"Capital naranja 2025","datePublished":"2025-01-18T05:43:00+00:00","dateModified":"2026-04-29T09:39:23+00:00","mainEntityOfPage":{"@id":"https:\/\/www.casasusa.nl\/es\/noticias\/capital-naranja-2025\/"},"wordCount":369,"image":{"@id":"https:\/\/www.casasusa.nl\/es\/noticias\/capital-naranja-2025\/#primaryimage"},"thumbnailUrl":"https:\/\/www.casasusa.nl\/wp-content\/uploads\/2025\/01\/capital-da-laranja-scaled.jpg","keywords":["capital naranja","Silves"],"articleSection":["Noticias","Silves Actividades"],"inLanguage":"es"},{"@type":"WebPage","@id":"https:\/\/www.casasusa.nl\/es\/noticias\/capital-naranja-2025\/","url":"https:\/\/www.casasusa.nl\/es\/noticias\/capital-naranja-2025\/","name":"Capital naranja 2025 - CasaSusa","isPartOf":{"@id":"https:\/\/www.casasusa.nl\/es\/#website"},"primaryImageOfPage":{"@id":"https:\/\/www.casasusa.nl\/es\/noticias\/capital-naranja-2025\/#primaryimage"},"image":{"@id":"https:\/\/www.casasusa.nl\/es\/noticias\/capital-naranja-2025\/#primaryimage"},"thumbnailUrl":"https:\/\/www.casasusa.nl\/wp-content\/uploads\/2025\/01\/capital-da-laranja-scaled.jpg","datePublished":"2025-01-18T05:43:00+00:00","dateModified":"2026-04-29T09:39:23+00:00","author":{"@id":"https:\/\/www.casasusa.nl\/es\/#\/schema\/person\/c89fdfcc534ccdcad96632fbbe28aa10"},"breadcrumb":{"@id":"https:\/\/www.casasusa.nl\/es\/noticias\/capital-naranja-2025\/#breadcrumb"},"inLanguage":"es","potentialAction":[{"@type":"ReadAction","target":["https:\/\/www.casasusa.nl\/es\/noticias\/capital-naranja-2025\/"]}]},{"@type":"ImageObject","inLanguage":"es","@id":"https:\/\/www.casasusa.nl\/es\/noticias\/capital-naranja-2025\/#primaryimage","url":"https:\/\/www.casasusa.nl\/wp-content\/uploads\/2025\/01\/capital-da-laranja-scaled.jpg","contentUrl":"https:\/\/www.casasusa.nl\/wp-content\/uploads\/2025\/01\/capital-da-laranja-scaled.jpg","width":2560,"height":1465,"caption":"Silves, capital naranja"},{"@type":"BreadcrumbList","@id":"https:\/\/www.casasusa.nl\/es\/noticias\/capital-naranja-2025\/#breadcrumb","itemListElement":[{"@type":"ListItem","position":1,"name":"Home","item":"https:\/\/www.casasusa.nl\/es\/inicio\/"},{"@type":"ListItem","position":2,"name":"Capital naranja 2025"}]},{"@type":"WebSite","@id":"https:\/\/www.casasusa.nl\/es\/#website","url":"https:\/\/www.casasusa.nl\/es\/","name":"Welkom bij CasaSusa","description":"Schitterende woning in het centrum van historisch Silves","potentialAction":[{"@type":"SearchAction","target":{"@type":"EntryPoint","urlTemplate":"https:\/\/www.casasusa.nl\/es\/?s={search_term_string}"},"query-input":{"@type":"PropertyValueSpecification","valueRequired":true,"valueName":"search_term_string"}}],"inLanguage":"es"},{"@type":"Person","@id":"https:\/\/www.casasusa.nl\/es\/#\/schema\/person\/c89fdfcc534ccdcad96632fbbe28aa10","name":"admin","image":{"@type":"ImageObject","inLanguage":"es","@id":"https:\/\/secure.gravatar.com\/avatar\/90a08fb15f019704b1796d5415137681e0b85d32994cb6547008a5e7dfa486d0?s=96&d=mm&r=g","url":"https:\/\/secure.gravatar.com\/avatar\/90a08fb15f019704b1796d5415137681e0b85d32994cb6547008a5e7dfa486d0?s=96&d=mm&r=g","contentUrl":"https:\/\/secure.gravatar.com\/avatar\/90a08fb15f019704b1796d5415137681e0b85d32994cb6547008a5e7dfa486d0?s=96&d=mm&r=g","caption":"admin"},"sameAs":["https:\/\/www.casasusa.nl"],"url":"https:\/\/www.casasusa.nl\/es\/author\/admin\/"}]}},"loftoceanMetas":{"authorName":"admin","categories":[{"name":"Noticias","link":"https:\/\/www.casasusa.nl\/es\/category\/noticias\/","count":2},{"name":"Silves Actividades","link":"https:\/\/www.casasusa.nl\/es\/category\/silves-actividades\/","count":1}],"date":"18 de enero de 2025","featuredImageSRC":"https:\/\/www.casasusa.nl\/wp-content\/uploads\/2025\/01\/capital-da-laranja-150x150.jpg"},"_links":{"self":[{"href":"https:\/\/www.casasusa.nl\/es\/wp-json\/wp\/v2\/posts\/4507","targetHints":{"allow":["GET"]}}],"collection":[{"href":"https:\/\/www.casasusa.nl\/es\/wp-json\/wp\/v2\/posts"}],"about":[{"href":"https:\/\/www.casasusa.nl\/es\/wp-json\/wp\/v2\/types\/post"}],"author":[{"embeddable":true,"href":"https:\/\/www.casasusa.nl\/es\/wp-json\/wp\/v2\/users\/1"}],"replies":[{"embeddable":true,"href":"https:\/\/www.casasusa.nl\/es\/wp-json\/wp\/v2\/comments?post=4507"}],"version-history":[{"count":2,"href":"https:\/\/www.casasusa.nl\/es\/wp-json\/wp\/v2\/posts\/4507\/revisions"}],"predecessor-version":[{"id":4516,"href":"https:\/\/www.casasusa.nl\/es\/wp-json\/wp\/v2\/posts\/4507\/revisions\/4516"}],"wp:featuredmedia":[{"embeddable":true,"href":"https:\/\/www.casasusa.nl\/es\/wp-json\/wp\/v2\/media\/4508"}],"wp:attachment":[{"href":"https:\/\/www.casasusa.nl\/es\/wp-json\/wp\/v2\/media?parent=4507"}],"wp:term":[{"taxonomy":"category","embeddable":true,"href":"https:\/\/www.casasusa.nl\/es\/wp-json\/wp\/v2\/categories?post=4507"},{"taxonomy":"post_tag","embeddable":true,"href":"https:\/\/www.casasusa.nl\/es\/wp-json\/wp\/v2\/tags?post=4507"}],"curies":[{"name":"wp","href":"https:\/\/api.w.org\/{rel}","templated":true}]}}