{"id":4504,"date":"2025-07-12T07:08:00","date_gmt":"2025-07-12T06:08:00","guid":{"rendered":"https:\/\/www.casasusa.nl\/sin-categorizar\/silves-feira-medieval-2025\/"},"modified":"2026-04-29T10:26:24","modified_gmt":"2026-04-29T09:26:24","slug":"silves-feira-medieval-2025","status":"publish","type":"post","link":"https:\/\/www.casasusa.nl\/es\/noticias\/silves-feira-medieval-2025\/","title":{"rendered":"Silves Feira Medieval 2025"},"content":{"rendered":"\n<p>Van 8 t\/m 16 augustus 2025 verandert de historische stad, voor de 20e editie dit jaar, Silves in een levendige middeleeuwse wereld tijdens de jaarlijkse Feira Medieval de Silves. Gedurende negen dagen waan je je hier in een andere tijd \u2013 met ridders, zwaardvechters, straatartiesten, marktkramen en geurende taveernes. Het middeleeuwse karakter van Silves, ooit de Moorse hoofdstad van de Algarve, vormt het perfecte decor voor dit grootschalige evenement, dat ieder jaar duizenden bezoekers trekt.  <\/p>\n\n<figure><img fetchpriority=\"high\" decoding=\"async\" src=\"https:\/\/www.casasusa.nl\/wp-content\/uploads\/2026\/01\/Histories-spektakel-241x300.jpg\" alt=\"Feira Medieval\" width=\"241\" height=\"300\"\/>\n<figcaption>Feira Medieval del 8 al 16 de agosto.<\/figcaption>\n<\/figure>\n\n<p>Las calles se cubren de paja, los visitantes visten trajes de \u00e9poca y hay entretenimiento para todas las edades, tanto de d\u00eda como de noche. Desde exhibiciones de cetrer\u00eda hasta tragafuegos, pasando por talleres de artesan\u00eda y grandes desfiles: esta feria da vida a la historia de Silves. <\/p>\n","protected":false},"excerpt":{"rendered":"<p>Van 8 t\/m 16 augustus 2025 verandert de historische stad, voor de 20e editie dit jaar, Silves in een levendige middeleeuwse wereld tijdens de jaarlijkse Feira Medieval de Silves. Gedurende negen dagen waan je je hier in een andere tijd \u2013 met ridders, zwaardvechters, straatartiesten, marktkramen en geurende taveernes. Het middeleeuwse karakter van Silves, ooit &#8230;<\/p>\n","protected":false},"author":1,"featured_media":4505,"comment_status":"closed","ping_status":"open","sticky":false,"template":"","format":"standard","meta":{"loftocean_post_format_gallery":"","loftocean_post_format_gallery_ids":"","loftocean_post_format_gallery_urls":"","loftocean_post_format_video_id":0,"loftocean_post_format_video_url":"","loftocean_post_format_video_type":"","loftocean_post_format_video":"","loftocean_post_format_audio_type":"","loftocean_post_format_audio_url":"","loftocean_post_format_audio_id":0,"loftocean_post_format_audio":"","loftocean-like-count":0,"cozystay_single_post_hide_site_header":"","cozystay_single_post_site_header_source":"","cozystay_single_post_custom_site_header":"0","cozystay_single_post_custom_sticky_site_header":"0","cozystay_single_post_hide_page_title":"","cozystay_single_post_site_footer_hide_main":"","cozystay_single_custom_site_footer_main_source":"","cozystay_single_custom_site_footer_main":"0","cozystay_single_post_site_footer_hide_above":"","cozystay_single_custom_site_footer_above_source":"","cozystay_single_custom_site_footer_above":"0","cozystay_single_post_site_footer_hide_instagram":"","cozystay_single_post_site_footer_hide_bottom":"","cozystay_single_custom_mobile_menu_source":"","cozystay_single_custom_mobile_menu":"0","cozystay_single_custom_mobile_menu_animation":"","cozystay_single_custom_mobile_menu_width":"","cozystay_single_custom_mobile_menu_custom_width":375,"cozystay_single_post_template":"","footnotes":""},"categories":[260],"tags":[262,261],"class_list":["post-4504","post","type-post","status-publish","format-standard","has-post-thumbnail","hentry","category-noticias","tag-feira-medieval","tag-silves"],"yoast_head":"<!-- This site is optimized with the Yoast SEO plugin v27.5 - https:\/\/yoast.com\/product\/yoast-seo-wordpress\/ -->\n<title>Silves Feira Medieval 2025 - CasaSusa<\/title>\n<meta name=\"robots\" content=\"index, follow, max-snippet:-1, max-image-preview:large, max-video-preview:-1\" \/>\n<link rel=\"canonical\" href=\"https:\/\/www.casasusa.nl\/es\/noticias\/silves-feira-medieval-2025\/\" \/>\n<meta property=\"og:locale\" content=\"es_ES\" \/>\n<meta property=\"og:type\" content=\"article\" \/>\n<meta property=\"og:title\" content=\"Silves Feira Medieval 2025 - CasaSusa\" \/>\n<meta property=\"og:description\" content=\"Van 8 t\/m 16 augustus 2025 verandert de historische stad, voor de 20e editie dit jaar, Silves in een levendige middeleeuwse wereld tijdens de jaarlijkse Feira Medieval de Silves. Gedurende negen dagen waan je je hier in een andere tijd \u2013 met ridders, zwaardvechters, straatartiesten, marktkramen en geurende taveernes. Het middeleeuwse karakter van Silves, ooit ...\" \/>\n<meta property=\"og:url\" content=\"https:\/\/www.casasusa.nl\/es\/noticias\/silves-feira-medieval-2025\/\" \/>\n<meta property=\"og:site_name\" content=\"CasaSusa\" \/>\n<meta property=\"article:publisher\" content=\"https:\/\/www.facebook.com\/people\/Casa-Susa\/61575870086034\/\" \/>\n<meta property=\"article:published_time\" content=\"2025-07-12T06:08:00+00:00\" \/>\n<meta property=\"article:modified_time\" content=\"2026-04-29T09:26:24+00:00\" \/>\n<meta property=\"og:image\" content=\"https:\/\/www.casasusa.nl\/wp-content\/uploads\/2026\/01\/Histories-spektakel.jpg\" \/>\n\t<meta property=\"og:image:width\" content=\"828\" \/>\n\t<meta property=\"og:image:height\" content=\"1032\" \/>\n\t<meta property=\"og:image:type\" content=\"image\/jpeg\" \/>\n<meta name=\"author\" content=\"admin\" \/>\n<meta name=\"twitter:card\" content=\"summary_large_image\" \/>\n<meta name=\"twitter:label1\" content=\"Escrito por\" \/>\n\t<meta name=\"twitter:data1\" content=\"admin\" \/>\n\t<meta name=\"twitter:label2\" content=\"Tiempo de lectura\" \/>\n\t<meta name=\"twitter:data2\" content=\"1 minuto\" \/>\n<script type=\"application\/ld+json\" class=\"yoast-schema-graph\">{\"@context\":\"https:\\\/\\\/schema.org\",\"@graph\":[{\"@type\":\"Article\",\"@id\":\"https:\\\/\\\/www.casasusa.nl\\\/es\\\/noticias\\\/silves-feira-medieval-2025\\\/#article\",\"isPartOf\":{\"@id\":\"https:\\\/\\\/www.casasusa.nl\\\/es\\\/noticias\\\/silves-feira-medieval-2025\\\/\"},\"author\":{\"name\":\"admin\",\"@id\":\"https:\\\/\\\/www.casasusa.nl\\\/es\\\/#\\\/schema\\\/person\\\/c89fdfcc534ccdcad96632fbbe28aa10\"},\"headline\":\"Silves Feira Medieval 2025\",\"datePublished\":\"2025-07-12T06:08:00+00:00\",\"dateModified\":\"2026-04-29T09:26:24+00:00\",\"mainEntityOfPage\":{\"@id\":\"https:\\\/\\\/www.casasusa.nl\\\/es\\\/noticias\\\/silves-feira-medieval-2025\\\/\"},\"wordCount\":132,\"image\":{\"@id\":\"https:\\\/\\\/www.casasusa.nl\\\/es\\\/noticias\\\/silves-feira-medieval-2025\\\/#primaryimage\"},\"thumbnailUrl\":\"https:\\\/\\\/www.casasusa.nl\\\/wp-content\\\/uploads\\\/2026\\\/01\\\/Histories-spektakel.jpg\",\"keywords\":[\"Feira medieval\",\"Silves\"],\"articleSection\":[\"Noticias\"],\"inLanguage\":\"es\"},{\"@type\":\"WebPage\",\"@id\":\"https:\\\/\\\/www.casasusa.nl\\\/es\\\/noticias\\\/silves-feira-medieval-2025\\\/\",\"url\":\"https:\\\/\\\/www.casasusa.nl\\\/es\\\/noticias\\\/silves-feira-medieval-2025\\\/\",\"name\":\"Silves Feira Medieval 2025 - CasaSusa\",\"isPartOf\":{\"@id\":\"https:\\\/\\\/www.casasusa.nl\\\/es\\\/#website\"},\"primaryImageOfPage\":{\"@id\":\"https:\\\/\\\/www.casasusa.nl\\\/es\\\/noticias\\\/silves-feira-medieval-2025\\\/#primaryimage\"},\"image\":{\"@id\":\"https:\\\/\\\/www.casasusa.nl\\\/es\\\/noticias\\\/silves-feira-medieval-2025\\\/#primaryimage\"},\"thumbnailUrl\":\"https:\\\/\\\/www.casasusa.nl\\\/wp-content\\\/uploads\\\/2026\\\/01\\\/Histories-spektakel.jpg\",\"datePublished\":\"2025-07-12T06:08:00+00:00\",\"dateModified\":\"2026-04-29T09:26:24+00:00\",\"author\":{\"@id\":\"https:\\\/\\\/www.casasusa.nl\\\/es\\\/#\\\/schema\\\/person\\\/c89fdfcc534ccdcad96632fbbe28aa10\"},\"breadcrumb\":{\"@id\":\"https:\\\/\\\/www.casasusa.nl\\\/es\\\/noticias\\\/silves-feira-medieval-2025\\\/#breadcrumb\"},\"inLanguage\":\"es\",\"potentialAction\":[{\"@type\":\"ReadAction\",\"target\":[\"https:\\\/\\\/www.casasusa.nl\\\/es\\\/noticias\\\/silves-feira-medieval-2025\\\/\"]}]},{\"@type\":\"ImageObject\",\"inLanguage\":\"es\",\"@id\":\"https:\\\/\\\/www.casasusa.nl\\\/es\\\/noticias\\\/silves-feira-medieval-2025\\\/#primaryimage\",\"url\":\"https:\\\/\\\/www.casasusa.nl\\\/wp-content\\\/uploads\\\/2026\\\/01\\\/Histories-spektakel.jpg\",\"contentUrl\":\"https:\\\/\\\/www.casasusa.nl\\\/wp-content\\\/uploads\\\/2026\\\/01\\\/Histories-spektakel.jpg\",\"width\":828,\"height\":1032,\"caption\":\"Feira Medieval\"},{\"@type\":\"BreadcrumbList\",\"@id\":\"https:\\\/\\\/www.casasusa.nl\\\/es\\\/noticias\\\/silves-feira-medieval-2025\\\/#breadcrumb\",\"itemListElement\":[{\"@type\":\"ListItem\",\"position\":1,\"name\":\"Home\",\"item\":\"https:\\\/\\\/www.casasusa.nl\\\/es\\\/inicio\\\/\"},{\"@type\":\"ListItem\",\"position\":2,\"name\":\"Silves Feira Medieval 2025\"}]},{\"@type\":\"WebSite\",\"@id\":\"https:\\\/\\\/www.casasusa.nl\\\/es\\\/#website\",\"url\":\"https:\\\/\\\/www.casasusa.nl\\\/es\\\/\",\"name\":\"Welkom bij CasaSusa\",\"description\":\"Schitterende woning in het centrum van historisch Silves\",\"potentialAction\":[{\"@type\":\"SearchAction\",\"target\":{\"@type\":\"EntryPoint\",\"urlTemplate\":\"https:\\\/\\\/www.casasusa.nl\\\/es\\\/?s={search_term_string}\"},\"query-input\":{\"@type\":\"PropertyValueSpecification\",\"valueRequired\":true,\"valueName\":\"search_term_string\"}}],\"inLanguage\":\"es\"},{\"@type\":\"Person\",\"@id\":\"https:\\\/\\\/www.casasusa.nl\\\/es\\\/#\\\/schema\\\/person\\\/c89fdfcc534ccdcad96632fbbe28aa10\",\"name\":\"admin\",\"image\":{\"@type\":\"ImageObject\",\"inLanguage\":\"es\",\"@id\":\"https:\\\/\\\/secure.gravatar.com\\\/avatar\\\/90a08fb15f019704b1796d5415137681e0b85d32994cb6547008a5e7dfa486d0?s=96&d=mm&r=g\",\"url\":\"https:\\\/\\\/secure.gravatar.com\\\/avatar\\\/90a08fb15f019704b1796d5415137681e0b85d32994cb6547008a5e7dfa486d0?s=96&d=mm&r=g\",\"contentUrl\":\"https:\\\/\\\/secure.gravatar.com\\\/avatar\\\/90a08fb15f019704b1796d5415137681e0b85d32994cb6547008a5e7dfa486d0?s=96&d=mm&r=g\",\"caption\":\"admin\"},\"sameAs\":[\"https:\\\/\\\/www.casasusa.nl\"],\"url\":\"https:\\\/\\\/www.casasusa.nl\\\/es\\\/author\\\/admin\\\/\"}]}<\/script>\n<!-- \/ Yoast SEO plugin. -->","yoast_head_json":{"title":"Silves Feira Medieval 2025 - CasaSusa","robots":{"index":"index","follow":"follow","max-snippet":"max-snippet:-1","max-image-preview":"max-image-preview:large","max-video-preview":"max-video-preview:-1"},"canonical":"https:\/\/www.casasusa.nl\/es\/noticias\/silves-feira-medieval-2025\/","og_locale":"es_ES","og_type":"article","og_title":"Silves Feira Medieval 2025 - CasaSusa","og_description":"Van 8 t\/m 16 augustus 2025 verandert de historische stad, voor de 20e editie dit jaar, Silves in een levendige middeleeuwse wereld tijdens de jaarlijkse Feira Medieval de Silves. Gedurende negen dagen waan je je hier in een andere tijd \u2013 met ridders, zwaardvechters, straatartiesten, marktkramen en geurende taveernes. Het middeleeuwse karakter van Silves, ooit ...","og_url":"https:\/\/www.casasusa.nl\/es\/noticias\/silves-feira-medieval-2025\/","og_site_name":"CasaSusa","article_publisher":"https:\/\/www.facebook.com\/people\/Casa-Susa\/61575870086034\/","article_published_time":"2025-07-12T06:08:00+00:00","article_modified_time":"2026-04-29T09:26:24+00:00","og_image":[{"width":828,"height":1032,"url":"https:\/\/www.casasusa.nl\/wp-content\/uploads\/2026\/01\/Histories-spektakel.jpg","type":"image\/jpeg"}],"author":"admin","twitter_card":"summary_large_image","twitter_misc":{"Escrito por":"admin","Tiempo de lectura":"1 minuto"},"schema":{"@context":"https:\/\/schema.org","@graph":[{"@type":"Article","@id":"https:\/\/www.casasusa.nl\/es\/noticias\/silves-feira-medieval-2025\/#article","isPartOf":{"@id":"https:\/\/www.casasusa.nl\/es\/noticias\/silves-feira-medieval-2025\/"},"author":{"name":"admin","@id":"https:\/\/www.casasusa.nl\/es\/#\/schema\/person\/c89fdfcc534ccdcad96632fbbe28aa10"},"headline":"Silves Feira Medieval 2025","datePublished":"2025-07-12T06:08:00+00:00","dateModified":"2026-04-29T09:26:24+00:00","mainEntityOfPage":{"@id":"https:\/\/www.casasusa.nl\/es\/noticias\/silves-feira-medieval-2025\/"},"wordCount":132,"image":{"@id":"https:\/\/www.casasusa.nl\/es\/noticias\/silves-feira-medieval-2025\/#primaryimage"},"thumbnailUrl":"https:\/\/www.casasusa.nl\/wp-content\/uploads\/2026\/01\/Histories-spektakel.jpg","keywords":["Feira medieval","Silves"],"articleSection":["Noticias"],"inLanguage":"es"},{"@type":"WebPage","@id":"https:\/\/www.casasusa.nl\/es\/noticias\/silves-feira-medieval-2025\/","url":"https:\/\/www.casasusa.nl\/es\/noticias\/silves-feira-medieval-2025\/","name":"Silves Feira Medieval 2025 - CasaSusa","isPartOf":{"@id":"https:\/\/www.casasusa.nl\/es\/#website"},"primaryImageOfPage":{"@id":"https:\/\/www.casasusa.nl\/es\/noticias\/silves-feira-medieval-2025\/#primaryimage"},"image":{"@id":"https:\/\/www.casasusa.nl\/es\/noticias\/silves-feira-medieval-2025\/#primaryimage"},"thumbnailUrl":"https:\/\/www.casasusa.nl\/wp-content\/uploads\/2026\/01\/Histories-spektakel.jpg","datePublished":"2025-07-12T06:08:00+00:00","dateModified":"2026-04-29T09:26:24+00:00","author":{"@id":"https:\/\/www.casasusa.nl\/es\/#\/schema\/person\/c89fdfcc534ccdcad96632fbbe28aa10"},"breadcrumb":{"@id":"https:\/\/www.casasusa.nl\/es\/noticias\/silves-feira-medieval-2025\/#breadcrumb"},"inLanguage":"es","potentialAction":[{"@type":"ReadAction","target":["https:\/\/www.casasusa.nl\/es\/noticias\/silves-feira-medieval-2025\/"]}]},{"@type":"ImageObject","inLanguage":"es","@id":"https:\/\/www.casasusa.nl\/es\/noticias\/silves-feira-medieval-2025\/#primaryimage","url":"https:\/\/www.casasusa.nl\/wp-content\/uploads\/2026\/01\/Histories-spektakel.jpg","contentUrl":"https:\/\/www.casasusa.nl\/wp-content\/uploads\/2026\/01\/Histories-spektakel.jpg","width":828,"height":1032,"caption":"Feira Medieval"},{"@type":"BreadcrumbList","@id":"https:\/\/www.casasusa.nl\/es\/noticias\/silves-feira-medieval-2025\/#breadcrumb","itemListElement":[{"@type":"ListItem","position":1,"name":"Home","item":"https:\/\/www.casasusa.nl\/es\/inicio\/"},{"@type":"ListItem","position":2,"name":"Silves Feira Medieval 2025"}]},{"@type":"WebSite","@id":"https:\/\/www.casasusa.nl\/es\/#website","url":"https:\/\/www.casasusa.nl\/es\/","name":"Welkom bij CasaSusa","description":"Schitterende woning in het centrum van historisch Silves","potentialAction":[{"@type":"SearchAction","target":{"@type":"EntryPoint","urlTemplate":"https:\/\/www.casasusa.nl\/es\/?s={search_term_string}"},"query-input":{"@type":"PropertyValueSpecification","valueRequired":true,"valueName":"search_term_string"}}],"inLanguage":"es"},{"@type":"Person","@id":"https:\/\/www.casasusa.nl\/es\/#\/schema\/person\/c89fdfcc534ccdcad96632fbbe28aa10","name":"admin","image":{"@type":"ImageObject","inLanguage":"es","@id":"https:\/\/secure.gravatar.com\/avatar\/90a08fb15f019704b1796d5415137681e0b85d32994cb6547008a5e7dfa486d0?s=96&d=mm&r=g","url":"https:\/\/secure.gravatar.com\/avatar\/90a08fb15f019704b1796d5415137681e0b85d32994cb6547008a5e7dfa486d0?s=96&d=mm&r=g","contentUrl":"https:\/\/secure.gravatar.com\/avatar\/90a08fb15f019704b1796d5415137681e0b85d32994cb6547008a5e7dfa486d0?s=96&d=mm&r=g","caption":"admin"},"sameAs":["https:\/\/www.casasusa.nl"],"url":"https:\/\/www.casasusa.nl\/es\/author\/admin\/"}]}},"loftoceanMetas":{"authorName":"admin","categories":[{"name":"Noticias","link":"https:\/\/www.casasusa.nl\/es\/category\/noticias\/","count":2}],"date":"12 de julio de 2025","featuredImageSRC":"https:\/\/www.casasusa.nl\/wp-content\/uploads\/2026\/01\/Histories-spektakel-150x150.jpg"},"_links":{"self":[{"href":"https:\/\/www.casasusa.nl\/es\/wp-json\/wp\/v2\/posts\/4504","targetHints":{"allow":["GET"]}}],"collection":[{"href":"https:\/\/www.casasusa.nl\/es\/wp-json\/wp\/v2\/posts"}],"about":[{"href":"https:\/\/www.casasusa.nl\/es\/wp-json\/wp\/v2\/types\/post"}],"author":[{"embeddable":true,"href":"https:\/\/www.casasusa.nl\/es\/wp-json\/wp\/v2\/users\/1"}],"replies":[{"embeddable":true,"href":"https:\/\/www.casasusa.nl\/es\/wp-json\/wp\/v2\/comments?post=4504"}],"version-history":[{"count":1,"href":"https:\/\/www.casasusa.nl\/es\/wp-json\/wp\/v2\/posts\/4504\/revisions"}],"predecessor-version":[{"id":4506,"href":"https:\/\/www.casasusa.nl\/es\/wp-json\/wp\/v2\/posts\/4504\/revisions\/4506"}],"wp:featuredmedia":[{"embeddable":true,"href":"https:\/\/www.casasusa.nl\/es\/wp-json\/wp\/v2\/media\/4505"}],"wp:attachment":[{"href":"https:\/\/www.casasusa.nl\/es\/wp-json\/wp\/v2\/media?parent=4504"}],"wp:term":[{"taxonomy":"category","embeddable":true,"href":"https:\/\/www.casasusa.nl\/es\/wp-json\/wp\/v2\/categories?post=4504"},{"taxonomy":"post_tag","embeddable":true,"href":"https:\/\/www.casasusa.nl\/es\/wp-json\/wp\/v2\/tags?post=4504"}],"curies":[{"name":"wp","href":"https:\/\/api.w.org\/{rel}","templated":true}]}}