{"id":253,"count":1,"description":"Vom 8. bis zum 16. August 2025 verwandelt sich die historische Stadt Silves anl\u00e4sslich der diesj\u00e4hrigen 20. Ausgabe w\u00e4hrend der j\u00e4hrlichen Feira Medieval de Silves in eine lebendige mittelalterliche Welt. Neun Tage lang f\u00fchlen Sie sich in eine andere Zeit versetzt \u2013 mit Rittern, Schwertk\u00e4mpfern, Stra\u00dfenk\u00fcnstlern, Marktst\u00e4nden und duftenden Tavernen. Der mittelalterliche Charakter von Silves, einst die maurische Hauptstadt der Algarve, bildet die perfekte Kulisse f\u00fcr dieses Gro\u00dfereignis, das jedes Jahr Tausende von Besuchern anzieht.  ","link":"https:\/\/www.casasusa.nl\/de\/tag\/feira-medieval\/","name":"Feira Medieval","slug":"feira-medieval","taxonomy":"post_tag","meta":[],"yoast_head":"<!-- This site is optimized with the Yoast SEO plugin v27.5 - https:\/\/yoast.com\/product\/yoast-seo-wordpress\/ -->\n<title>Feira Medieval Archives - CasaSusa<\/title>\n<meta name=\"robots\" content=\"index, follow, max-snippet:-1, max-image-preview:large, max-video-preview:-1\" \/>\n<link rel=\"canonical\" href=\"https:\/\/www.casasusa.nl\/de\/tag\/feira-medieval\/\" \/>\n<meta property=\"og:locale\" content=\"de_DE\" \/>\n<meta property=\"og:type\" content=\"article\" \/>\n<meta property=\"og:title\" content=\"Feira Medieval Archives - CasaSusa\" \/>\n<meta property=\"og:description\" content=\"Vom 8. bis zum 16. August 2025 verwandelt sich die historische Stadt Silves anl\u00e4sslich der diesj\u00e4hrigen 20. Ausgabe w\u00e4hrend der j\u00e4hrlichen Feira Medieval de Silves in eine lebendige mittelalterliche Welt. Neun Tage lang f\u00fchlen Sie sich in eine andere Zeit versetzt \u2013 mit Rittern, Schwertk\u00e4mpfern, Stra\u00dfenk\u00fcnstlern, Marktst\u00e4nden und duftenden Tavernen. Der mittelalterliche Charakter von Silves, einst die maurische Hauptstadt der Algarve, bildet die perfekte Kulisse f\u00fcr dieses Gro\u00dfereignis, das jedes Jahr Tausende von Besuchern anzieht.\" \/>\n<meta property=\"og:url\" content=\"https:\/\/www.casasusa.nl\/de\/tag\/feira-medieval\/\" \/>\n<meta property=\"og:site_name\" content=\"CasaSusa\" \/>\n<meta name=\"twitter:card\" content=\"summary_large_image\" \/>\n<script type=\"application\/ld+json\" class=\"yoast-schema-graph\">{\"@context\":\"https:\\\/\\\/schema.org\",\"@graph\":[{\"@type\":\"CollectionPage\",\"@id\":\"https:\\\/\\\/www.casasusa.nl\\\/de\\\/tag\\\/feira-medieval\\\/\",\"url\":\"https:\\\/\\\/www.casasusa.nl\\\/de\\\/tag\\\/feira-medieval\\\/\",\"name\":\"Feira Medieval Archives - CasaSusa\",\"isPartOf\":{\"@id\":\"https:\\\/\\\/www.casasusa.nl\\\/de\\\/#website\"},\"breadcrumb\":{\"@id\":\"https:\\\/\\\/www.casasusa.nl\\\/de\\\/tag\\\/feira-medieval\\\/#breadcrumb\"},\"inLanguage\":\"de\"},{\"@type\":\"BreadcrumbList\",\"@id\":\"https:\\\/\\\/www.casasusa.nl\\\/de\\\/tag\\\/feira-medieval\\\/#breadcrumb\",\"itemListElement\":[{\"@type\":\"ListItem\",\"position\":1,\"name\":\"Home\",\"item\":\"https:\\\/\\\/www.casasusa.nl\\\/de\\\/home\\\/\"},{\"@type\":\"ListItem\",\"position\":2,\"name\":\"Feira Medieval\"}]},{\"@type\":\"WebSite\",\"@id\":\"https:\\\/\\\/www.casasusa.nl\\\/de\\\/#website\",\"url\":\"https:\\\/\\\/www.casasusa.nl\\\/de\\\/\",\"name\":\"Welkom bij CasaSusa\",\"description\":\"Schitterende woning in het centrum van historisch Silves\",\"potentialAction\":[{\"@type\":\"SearchAction\",\"target\":{\"@type\":\"EntryPoint\",\"urlTemplate\":\"https:\\\/\\\/www.casasusa.nl\\\/de\\\/?s={search_term_string}\"},\"query-input\":{\"@type\":\"PropertyValueSpecification\",\"valueRequired\":true,\"valueName\":\"search_term_string\"}}],\"inLanguage\":\"de\"}]}<\/script>\n<!-- \/ Yoast SEO plugin. -->","yoast_head_json":{"title":"Feira Medieval Archives - CasaSusa","robots":{"index":"index","follow":"follow","max-snippet":"max-snippet:-1","max-image-preview":"max-image-preview:large","max-video-preview":"max-video-preview:-1"},"canonical":"https:\/\/www.casasusa.nl\/de\/tag\/feira-medieval\/","og_locale":"de_DE","og_type":"article","og_title":"Feira Medieval Archives - CasaSusa","og_description":"Vom 8. bis zum 16. August 2025 verwandelt sich die historische Stadt Silves anl\u00e4sslich der diesj\u00e4hrigen 20. Ausgabe w\u00e4hrend der j\u00e4hrlichen Feira Medieval de Silves in eine lebendige mittelalterliche Welt. Neun Tage lang f\u00fchlen Sie sich in eine andere Zeit versetzt \u2013 mit Rittern, Schwertk\u00e4mpfern, Stra\u00dfenk\u00fcnstlern, Marktst\u00e4nden und duftenden Tavernen. Der mittelalterliche Charakter von Silves, einst die maurische Hauptstadt der Algarve, bildet die perfekte Kulisse f\u00fcr dieses Gro\u00dfereignis, das jedes Jahr Tausende von Besuchern anzieht.","og_url":"https:\/\/www.casasusa.nl\/de\/tag\/feira-medieval\/","og_site_name":"CasaSusa","twitter_card":"summary_large_image","schema":{"@context":"https:\/\/schema.org","@graph":[{"@type":"CollectionPage","@id":"https:\/\/www.casasusa.nl\/de\/tag\/feira-medieval\/","url":"https:\/\/www.casasusa.nl\/de\/tag\/feira-medieval\/","name":"Feira Medieval Archives - CasaSusa","isPartOf":{"@id":"https:\/\/www.casasusa.nl\/de\/#website"},"breadcrumb":{"@id":"https:\/\/www.casasusa.nl\/de\/tag\/feira-medieval\/#breadcrumb"},"inLanguage":"de"},{"@type":"BreadcrumbList","@id":"https:\/\/www.casasusa.nl\/de\/tag\/feira-medieval\/#breadcrumb","itemListElement":[{"@type":"ListItem","position":1,"name":"Home","item":"https:\/\/www.casasusa.nl\/de\/home\/"},{"@type":"ListItem","position":2,"name":"Feira Medieval"}]},{"@type":"WebSite","@id":"https:\/\/www.casasusa.nl\/de\/#website","url":"https:\/\/www.casasusa.nl\/de\/","name":"Welkom bij CasaSusa","description":"Schitterende woning in het centrum van historisch Silves","potentialAction":[{"@type":"SearchAction","target":{"@type":"EntryPoint","urlTemplate":"https:\/\/www.casasusa.nl\/de\/?s={search_term_string}"},"query-input":{"@type":"PropertyValueSpecification","valueRequired":true,"valueName":"search_term_string"}}],"inLanguage":"de"}]}},"_links":{"self":[{"href":"https:\/\/www.casasusa.nl\/de\/wp-json\/wp\/v2\/tags\/253","targetHints":{"allow":["GET"]}}],"collection":[{"href":"https:\/\/www.casasusa.nl\/de\/wp-json\/wp\/v2\/tags"}],"about":[{"href":"https:\/\/www.casasusa.nl\/de\/wp-json\/wp\/v2\/taxonomies\/post_tag"}],"wp:post_type":[{"href":"https:\/\/www.casasusa.nl\/de\/wp-json\/wp\/v2\/posts?tags=253"}],"curies":[{"name":"wp","href":"https:\/\/api.w.org\/{rel}","templated":true}]}}