{"id":4501,"date":"2025-01-18T06:43:00","date_gmt":"2025-01-18T05:43:00","guid":{"rendered":"https:\/\/www.casasusa.nl\/unkategorisiert\/hauptstadt-von-orange-2025\/"},"modified":"2026-04-29T10:38:20","modified_gmt":"2026-04-29T09:38:20","slug":"hauptstadt-von-orange-2025","status":"publish","type":"post","link":"https:\/\/www.casasusa.nl\/de\/aktuelles\/hauptstadt-von-orange-2025\/","title":{"rendered":"Hauptstadt von Orange 2025"},"content":{"rendered":"\n<p>Silves bereitet sich auf die 9. Ausgabe der Orange Capital Exhibition vor.<\/p>\n\n<p>Die Stadt Silves positioniert sich mit der 9. Ausgabe der Silves Orange Capital Exhibition, die vom 14. bis 16. Februar 2025 im FISSUL stattfindet, erneut als nationales Vorbild im Zitrusanbau. Die Veranstaltung bietet Auftritte von Carminho, Os Quatro e Meia und Rouxinol Faduncho in einem Programm, das Kultur, Gastronomie und Diskussionen \u00fcber die Herausforderungen des Agrarsektors vereint. <\/p>\n\n<p>H\u00f6hepunkte der Veranstaltung: Die Silves Orange Capital Fair bringt Dutzende Aussteller und Produzenten aus der Zitrusbranche sowie lokale und regionale Verb\u00e4nde zusammen. Drei Tage lang k\u00f6nnen Besucher regionale Produkte, Weine, S\u00fc\u00dfigkeiten, Kunsthandwerk und nat\u00fcrlich die ber\u00fchmte Silves-Orange verkosten und kaufen. Die Veranstaltung beginnt offiziell am 14. Februar um 10:30 Uhr mit der Orange XXI Konferenz, die dieses Jahr unter dem Motto \u201eWasser, das verbindet\u201c steht und sich auf die Herausforderungen der Wasserversorgung in der Landwirtschaft und das nachhaltige Management von Wasserressourcen konzentriert. \u00dcber das gesamte Wochenende hinweg bietet die Veranstaltung au\u00dferdem Seminare, Wettbewerbe und Podiumsdiskussionen, die f\u00fcr die Landwirtschaft und die Wirtschaft von Interesse sind.   <\/p>\n\n<figure class=\"wp-block-image size-large\"><img fetchpriority=\"high\" decoding=\"async\" width=\"1024\" height=\"496\" src=\"https:\/\/www.casasusa.nl\/wp-content\/uploads\/2023\/04\/Capital-da-laranja-2025-1024x496.jpg\" alt=\"\" class=\"wp-image-2404\" srcset=\"https:\/\/www.casasusa.nl\/wp-content\/uploads\/2023\/04\/Capital-da-laranja-2025-1024x496.jpg 1024w, https:\/\/www.casasusa.nl\/wp-content\/uploads\/2023\/04\/Capital-da-laranja-2025-300x145.jpg 300w, https:\/\/www.casasusa.nl\/wp-content\/uploads\/2023\/04\/Capital-da-laranja-2025-768x372.jpg 768w, https:\/\/www.casasusa.nl\/wp-content\/uploads\/2023\/04\/Capital-da-laranja-2025-1200x581.jpg 1200w, https:\/\/www.casasusa.nl\/wp-content\/uploads\/2023\/04\/Capital-da-laranja-2025-780x378.jpg 780w, https:\/\/www.casasusa.nl\/wp-content\/uploads\/2023\/04\/Capital-da-laranja-2025-600x291.jpg 600w, https:\/\/www.casasusa.nl\/wp-content\/uploads\/2023\/04\/Capital-da-laranja-2025-550x266.jpg 550w, https:\/\/www.casasusa.nl\/wp-content\/uploads\/2023\/04\/Capital-da-laranja-2025-370x179.jpg 370w, https:\/\/www.casasusa.nl\/wp-content\/uploads\/2023\/04\/Capital-da-laranja-2025-255x124.jpg 255w, https:\/\/www.casasusa.nl\/wp-content\/uploads\/2023\/04\/Capital-da-laranja-2025-150x73.jpg 150w, https:\/\/www.casasusa.nl\/wp-content\/uploads\/2023\/04\/Capital-da-laranja-2025.jpg 1280w\" sizes=\"(max-width: 1024px) 100vw, 1024px\" \/><\/figure>\n\n<p>Musik und Tradition im Rampenlicht Die Silves Orange Capital Showcase beschr\u00e4nkt sich nicht nur auf den Agrarsektor, sondern bietet auch ein abwechslungsreiches Musikprogramm. <br\/>Folgende K\u00fcnstler treten auf der Hauptb\u00fchne auf: <br\/>Carminho \u2013 14. Februar, 22:00 Uhr <br\/>Os Quatro e Meia \u2013 15. Februar, 22:00 Uhr <br\/>Rouxinol Faduncho \u2013 16. Februar, 18:00 Uhr <br\/>Neben den Konzerten gibt es traditionelle Tanzvorf\u00fchrungen, Aktivit\u00e4ten f\u00fcr Kinder und den legend\u00e4ren Valentinsmarsch, der sich bereits einen festen Platz im Kulturkalender von Sergipe gesichert hat. Wochenende mit Orangengeschmack Gelijktijdig mit der Showcase findet vom 13. bis 16. Februar die 9. Ausgabe des Wochenendes mit Orangengeschmack statt.  Teilnehmende Restaurants in Silves pr\u00e4sentieren innovative Gerichte mit Silves-Orangen als Hauptzutat. <br\/><br\/>Programm<br\/>14. Februar: 10:00\u201324:00 Uhr<br\/>15. Februar: 10:00\u201324:00 Uhr<br\/>16. Februar: 10:00\u201320:00 Uhr<\/p>\n","protected":false},"excerpt":{"rendered":"<p>Silves bereitet sich auf die 9. Ausgabe der Orange Capital Exhibition vor. Die Stadt Silves positioniert sich mit der 9. Ausgabe der Silves Orange Capital Exhibition, die vom 14. bis 16. Februar 2025 im FISSUL stattfindet, erneut als nationales Vorbild im Zitrusanbau. Die Veranstaltung bietet Auftritte von Carminho, Os Quatro e Meia und Rouxinol Faduncho &#8230;<\/p>\n","protected":false},"author":1,"featured_media":4502,"comment_status":"closed","ping_status":"open","sticky":false,"template":"","format":"standard","meta":{"loftocean_post_format_gallery":"","loftocean_post_format_gallery_ids":"","loftocean_post_format_gallery_urls":"","loftocean_post_format_video_id":0,"loftocean_post_format_video_url":"","loftocean_post_format_video_type":"","loftocean_post_format_video":"","loftocean_post_format_audio_type":"","loftocean_post_format_audio_url":"","loftocean_post_format_audio_id":0,"loftocean_post_format_audio":"","loftocean-like-count":0,"cozystay_single_post_hide_site_header":"","cozystay_single_post_site_header_source":"","cozystay_single_post_custom_site_header":"0","cozystay_single_post_custom_sticky_site_header":"0","cozystay_single_post_hide_page_title":"","cozystay_single_post_site_footer_hide_main":"","cozystay_single_custom_site_footer_main_source":"","cozystay_single_custom_site_footer_main":"0","cozystay_single_post_site_footer_hide_above":"","cozystay_single_custom_site_footer_above_source":"","cozystay_single_custom_site_footer_above":"0","cozystay_single_post_site_footer_hide_instagram":"","cozystay_single_post_site_footer_hide_bottom":"","cozystay_single_custom_mobile_menu_source":"","cozystay_single_custom_mobile_menu":"0","cozystay_single_custom_mobile_menu_animation":"","cozystay_single_custom_mobile_menu_width":"","cozystay_single_custom_mobile_menu_custom_width":375,"cozystay_single_post_template":"","footnotes":""},"categories":[251,258],"tags":[259,252],"class_list":["post-4501","post","type-post","status-publish","format-standard","has-post-thumbnail","hentry","category-aktuelles","category-silves-aktivitaten","tag-hauptstadt-von-laranja","tag-silves"],"yoast_head":"<!-- This site is optimized with the Yoast SEO plugin v27.5 - https:\/\/yoast.com\/product\/yoast-seo-wordpress\/ -->\n<title>Hauptstadt von Orange 2025 - CasaSusa<\/title>\n<meta name=\"robots\" content=\"index, follow, max-snippet:-1, max-image-preview:large, max-video-preview:-1\" \/>\n<link rel=\"canonical\" href=\"https:\/\/www.casasusa.nl\/de\/aktuelles\/hauptstadt-von-orange-2025\/\" \/>\n<meta property=\"og:locale\" content=\"de_DE\" \/>\n<meta property=\"og:type\" content=\"article\" \/>\n<meta property=\"og:title\" content=\"Hauptstadt von Orange 2025 - CasaSusa\" \/>\n<meta property=\"og:description\" content=\"Silves bereitet sich auf die 9. Ausgabe der Orange Capital Exhibition vor. Die Stadt Silves positioniert sich mit der 9. Ausgabe der Silves Orange Capital Exhibition, die vom 14. bis 16. Februar 2025 im FISSUL stattfindet, erneut als nationales Vorbild im Zitrusanbau. Die Veranstaltung bietet Auftritte von Carminho, Os Quatro e Meia und Rouxinol Faduncho ...\" \/>\n<meta property=\"og:url\" content=\"https:\/\/www.casasusa.nl\/de\/aktuelles\/hauptstadt-von-orange-2025\/\" \/>\n<meta property=\"og:site_name\" content=\"CasaSusa\" \/>\n<meta property=\"article:publisher\" content=\"https:\/\/www.facebook.com\/people\/Casa-Susa\/61575870086034\/\" \/>\n<meta property=\"article:published_time\" content=\"2025-01-18T05:43:00+00:00\" \/>\n<meta property=\"article:modified_time\" content=\"2026-04-29T09:38:20+00:00\" \/>\n<meta property=\"og:image\" content=\"https:\/\/www.casasusa.nl\/wp-content\/uploads\/2025\/01\/capital-da-laranja-scaled.jpg\" \/>\n\t<meta property=\"og:image:width\" content=\"2560\" \/>\n\t<meta property=\"og:image:height\" content=\"1465\" \/>\n\t<meta property=\"og:image:type\" content=\"image\/jpeg\" \/>\n<meta name=\"author\" content=\"admin\" \/>\n<meta name=\"twitter:card\" content=\"summary_large_image\" \/>\n<meta name=\"twitter:label1\" content=\"Verfasst von\" \/>\n\t<meta name=\"twitter:data1\" content=\"admin\" \/>\n\t<meta name=\"twitter:label2\" content=\"Gesch\u00e4tzte Lesezeit\" \/>\n\t<meta name=\"twitter:data2\" content=\"1\u00a0Minute\" \/>\n<script type=\"application\/ld+json\" class=\"yoast-schema-graph\">{\"@context\":\"https:\\\/\\\/schema.org\",\"@graph\":[{\"@type\":\"Article\",\"@id\":\"https:\\\/\\\/www.casasusa.nl\\\/de\\\/aktuelles\\\/hauptstadt-von-orange-2025\\\/#article\",\"isPartOf\":{\"@id\":\"https:\\\/\\\/www.casasusa.nl\\\/de\\\/aktuelles\\\/hauptstadt-von-orange-2025\\\/\"},\"author\":{\"name\":\"admin\",\"@id\":\"https:\\\/\\\/www.casasusa.nl\\\/de\\\/#\\\/schema\\\/person\\\/c89fdfcc534ccdcad96632fbbe28aa10\"},\"headline\":\"Hauptstadt von Orange 2025\",\"datePublished\":\"2025-01-18T05:43:00+00:00\",\"dateModified\":\"2026-04-29T09:38:20+00:00\",\"mainEntityOfPage\":{\"@id\":\"https:\\\/\\\/www.casasusa.nl\\\/de\\\/aktuelles\\\/hauptstadt-von-orange-2025\\\/\"},\"wordCount\":291,\"image\":{\"@id\":\"https:\\\/\\\/www.casasusa.nl\\\/de\\\/aktuelles\\\/hauptstadt-von-orange-2025\\\/#primaryimage\"},\"thumbnailUrl\":\"https:\\\/\\\/www.casasusa.nl\\\/wp-content\\\/uploads\\\/2025\\\/01\\\/capital-da-laranja-scaled.jpg\",\"keywords\":[\"Hauptstadt von Laranja\",\"Silves\"],\"articleSection\":[\"Aktuelles\",\"Silves Aktivit\u00e4ten\"],\"inLanguage\":\"de\"},{\"@type\":\"WebPage\",\"@id\":\"https:\\\/\\\/www.casasusa.nl\\\/de\\\/aktuelles\\\/hauptstadt-von-orange-2025\\\/\",\"url\":\"https:\\\/\\\/www.casasusa.nl\\\/de\\\/aktuelles\\\/hauptstadt-von-orange-2025\\\/\",\"name\":\"Hauptstadt von Orange 2025 - CasaSusa\",\"isPartOf\":{\"@id\":\"https:\\\/\\\/www.casasusa.nl\\\/de\\\/#website\"},\"primaryImageOfPage\":{\"@id\":\"https:\\\/\\\/www.casasusa.nl\\\/de\\\/aktuelles\\\/hauptstadt-von-orange-2025\\\/#primaryimage\"},\"image\":{\"@id\":\"https:\\\/\\\/www.casasusa.nl\\\/de\\\/aktuelles\\\/hauptstadt-von-orange-2025\\\/#primaryimage\"},\"thumbnailUrl\":\"https:\\\/\\\/www.casasusa.nl\\\/wp-content\\\/uploads\\\/2025\\\/01\\\/capital-da-laranja-scaled.jpg\",\"datePublished\":\"2025-01-18T05:43:00+00:00\",\"dateModified\":\"2026-04-29T09:38:20+00:00\",\"author\":{\"@id\":\"https:\\\/\\\/www.casasusa.nl\\\/de\\\/#\\\/schema\\\/person\\\/c89fdfcc534ccdcad96632fbbe28aa10\"},\"breadcrumb\":{\"@id\":\"https:\\\/\\\/www.casasusa.nl\\\/de\\\/aktuelles\\\/hauptstadt-von-orange-2025\\\/#breadcrumb\"},\"inLanguage\":\"de\",\"potentialAction\":[{\"@type\":\"ReadAction\",\"target\":[\"https:\\\/\\\/www.casasusa.nl\\\/de\\\/aktuelles\\\/hauptstadt-von-orange-2025\\\/\"]}]},{\"@type\":\"ImageObject\",\"inLanguage\":\"de\",\"@id\":\"https:\\\/\\\/www.casasusa.nl\\\/de\\\/aktuelles\\\/hauptstadt-von-orange-2025\\\/#primaryimage\",\"url\":\"https:\\\/\\\/www.casasusa.nl\\\/wp-content\\\/uploads\\\/2025\\\/01\\\/capital-da-laranja-scaled.jpg\",\"contentUrl\":\"https:\\\/\\\/www.casasusa.nl\\\/wp-content\\\/uploads\\\/2025\\\/01\\\/capital-da-laranja-scaled.jpg\",\"width\":2560,\"height\":1465,\"caption\":\"Silves, die Orangenhauptstadt\"},{\"@type\":\"BreadcrumbList\",\"@id\":\"https:\\\/\\\/www.casasusa.nl\\\/de\\\/aktuelles\\\/hauptstadt-von-orange-2025\\\/#breadcrumb\",\"itemListElement\":[{\"@type\":\"ListItem\",\"position\":1,\"name\":\"Home\",\"item\":\"https:\\\/\\\/www.casasusa.nl\\\/de\\\/home\\\/\"},{\"@type\":\"ListItem\",\"position\":2,\"name\":\"Hauptstadt von Orange 2025\"}]},{\"@type\":\"WebSite\",\"@id\":\"https:\\\/\\\/www.casasusa.nl\\\/de\\\/#website\",\"url\":\"https:\\\/\\\/www.casasusa.nl\\\/de\\\/\",\"name\":\"Welkom bij CasaSusa\",\"description\":\"Schitterende woning in het centrum van historisch Silves\",\"potentialAction\":[{\"@type\":\"SearchAction\",\"target\":{\"@type\":\"EntryPoint\",\"urlTemplate\":\"https:\\\/\\\/www.casasusa.nl\\\/de\\\/?s={search_term_string}\"},\"query-input\":{\"@type\":\"PropertyValueSpecification\",\"valueRequired\":true,\"valueName\":\"search_term_string\"}}],\"inLanguage\":\"de\"},{\"@type\":\"Person\",\"@id\":\"https:\\\/\\\/www.casasusa.nl\\\/de\\\/#\\\/schema\\\/person\\\/c89fdfcc534ccdcad96632fbbe28aa10\",\"name\":\"admin\",\"image\":{\"@type\":\"ImageObject\",\"inLanguage\":\"de\",\"@id\":\"https:\\\/\\\/secure.gravatar.com\\\/avatar\\\/90a08fb15f019704b1796d5415137681e0b85d32994cb6547008a5e7dfa486d0?s=96&d=mm&r=g\",\"url\":\"https:\\\/\\\/secure.gravatar.com\\\/avatar\\\/90a08fb15f019704b1796d5415137681e0b85d32994cb6547008a5e7dfa486d0?s=96&d=mm&r=g\",\"contentUrl\":\"https:\\\/\\\/secure.gravatar.com\\\/avatar\\\/90a08fb15f019704b1796d5415137681e0b85d32994cb6547008a5e7dfa486d0?s=96&d=mm&r=g\",\"caption\":\"admin\"},\"sameAs\":[\"https:\\\/\\\/www.casasusa.nl\"],\"url\":\"https:\\\/\\\/www.casasusa.nl\\\/de\\\/author\\\/admin\\\/\"}]}<\/script>\n<!-- \/ Yoast SEO plugin. -->","yoast_head_json":{"title":"Hauptstadt von Orange 2025 - CasaSusa","robots":{"index":"index","follow":"follow","max-snippet":"max-snippet:-1","max-image-preview":"max-image-preview:large","max-video-preview":"max-video-preview:-1"},"canonical":"https:\/\/www.casasusa.nl\/de\/aktuelles\/hauptstadt-von-orange-2025\/","og_locale":"de_DE","og_type":"article","og_title":"Hauptstadt von Orange 2025 - CasaSusa","og_description":"Silves bereitet sich auf die 9. Ausgabe der Orange Capital Exhibition vor. Die Stadt Silves positioniert sich mit der 9. Ausgabe der Silves Orange Capital Exhibition, die vom 14. bis 16. Februar 2025 im FISSUL stattfindet, erneut als nationales Vorbild im Zitrusanbau. Die Veranstaltung bietet Auftritte von Carminho, Os Quatro e Meia und Rouxinol Faduncho ...","og_url":"https:\/\/www.casasusa.nl\/de\/aktuelles\/hauptstadt-von-orange-2025\/","og_site_name":"CasaSusa","article_publisher":"https:\/\/www.facebook.com\/people\/Casa-Susa\/61575870086034\/","article_published_time":"2025-01-18T05:43:00+00:00","article_modified_time":"2026-04-29T09:38:20+00:00","og_image":[{"width":2560,"height":1465,"url":"https:\/\/www.casasusa.nl\/wp-content\/uploads\/2025\/01\/capital-da-laranja-scaled.jpg","type":"image\/jpeg"}],"author":"admin","twitter_card":"summary_large_image","twitter_misc":{"Verfasst von":"admin","Gesch\u00e4tzte Lesezeit":"1\u00a0Minute"},"schema":{"@context":"https:\/\/schema.org","@graph":[{"@type":"Article","@id":"https:\/\/www.casasusa.nl\/de\/aktuelles\/hauptstadt-von-orange-2025\/#article","isPartOf":{"@id":"https:\/\/www.casasusa.nl\/de\/aktuelles\/hauptstadt-von-orange-2025\/"},"author":{"name":"admin","@id":"https:\/\/www.casasusa.nl\/de\/#\/schema\/person\/c89fdfcc534ccdcad96632fbbe28aa10"},"headline":"Hauptstadt von Orange 2025","datePublished":"2025-01-18T05:43:00+00:00","dateModified":"2026-04-29T09:38:20+00:00","mainEntityOfPage":{"@id":"https:\/\/www.casasusa.nl\/de\/aktuelles\/hauptstadt-von-orange-2025\/"},"wordCount":291,"image":{"@id":"https:\/\/www.casasusa.nl\/de\/aktuelles\/hauptstadt-von-orange-2025\/#primaryimage"},"thumbnailUrl":"https:\/\/www.casasusa.nl\/wp-content\/uploads\/2025\/01\/capital-da-laranja-scaled.jpg","keywords":["Hauptstadt von Laranja","Silves"],"articleSection":["Aktuelles","Silves Aktivit\u00e4ten"],"inLanguage":"de"},{"@type":"WebPage","@id":"https:\/\/www.casasusa.nl\/de\/aktuelles\/hauptstadt-von-orange-2025\/","url":"https:\/\/www.casasusa.nl\/de\/aktuelles\/hauptstadt-von-orange-2025\/","name":"Hauptstadt von Orange 2025 - CasaSusa","isPartOf":{"@id":"https:\/\/www.casasusa.nl\/de\/#website"},"primaryImageOfPage":{"@id":"https:\/\/www.casasusa.nl\/de\/aktuelles\/hauptstadt-von-orange-2025\/#primaryimage"},"image":{"@id":"https:\/\/www.casasusa.nl\/de\/aktuelles\/hauptstadt-von-orange-2025\/#primaryimage"},"thumbnailUrl":"https:\/\/www.casasusa.nl\/wp-content\/uploads\/2025\/01\/capital-da-laranja-scaled.jpg","datePublished":"2025-01-18T05:43:00+00:00","dateModified":"2026-04-29T09:38:20+00:00","author":{"@id":"https:\/\/www.casasusa.nl\/de\/#\/schema\/person\/c89fdfcc534ccdcad96632fbbe28aa10"},"breadcrumb":{"@id":"https:\/\/www.casasusa.nl\/de\/aktuelles\/hauptstadt-von-orange-2025\/#breadcrumb"},"inLanguage":"de","potentialAction":[{"@type":"ReadAction","target":["https:\/\/www.casasusa.nl\/de\/aktuelles\/hauptstadt-von-orange-2025\/"]}]},{"@type":"ImageObject","inLanguage":"de","@id":"https:\/\/www.casasusa.nl\/de\/aktuelles\/hauptstadt-von-orange-2025\/#primaryimage","url":"https:\/\/www.casasusa.nl\/wp-content\/uploads\/2025\/01\/capital-da-laranja-scaled.jpg","contentUrl":"https:\/\/www.casasusa.nl\/wp-content\/uploads\/2025\/01\/capital-da-laranja-scaled.jpg","width":2560,"height":1465,"caption":"Silves, die Orangenhauptstadt"},{"@type":"BreadcrumbList","@id":"https:\/\/www.casasusa.nl\/de\/aktuelles\/hauptstadt-von-orange-2025\/#breadcrumb","itemListElement":[{"@type":"ListItem","position":1,"name":"Home","item":"https:\/\/www.casasusa.nl\/de\/home\/"},{"@type":"ListItem","position":2,"name":"Hauptstadt von Orange 2025"}]},{"@type":"WebSite","@id":"https:\/\/www.casasusa.nl\/de\/#website","url":"https:\/\/www.casasusa.nl\/de\/","name":"Welkom bij CasaSusa","description":"Schitterende woning in het centrum van historisch Silves","potentialAction":[{"@type":"SearchAction","target":{"@type":"EntryPoint","urlTemplate":"https:\/\/www.casasusa.nl\/de\/?s={search_term_string}"},"query-input":{"@type":"PropertyValueSpecification","valueRequired":true,"valueName":"search_term_string"}}],"inLanguage":"de"},{"@type":"Person","@id":"https:\/\/www.casasusa.nl\/de\/#\/schema\/person\/c89fdfcc534ccdcad96632fbbe28aa10","name":"admin","image":{"@type":"ImageObject","inLanguage":"de","@id":"https:\/\/secure.gravatar.com\/avatar\/90a08fb15f019704b1796d5415137681e0b85d32994cb6547008a5e7dfa486d0?s=96&d=mm&r=g","url":"https:\/\/secure.gravatar.com\/avatar\/90a08fb15f019704b1796d5415137681e0b85d32994cb6547008a5e7dfa486d0?s=96&d=mm&r=g","contentUrl":"https:\/\/secure.gravatar.com\/avatar\/90a08fb15f019704b1796d5415137681e0b85d32994cb6547008a5e7dfa486d0?s=96&d=mm&r=g","caption":"admin"},"sameAs":["https:\/\/www.casasusa.nl"],"url":"https:\/\/www.casasusa.nl\/de\/author\/admin\/"}]}},"loftoceanMetas":{"authorName":"admin","categories":[{"name":"Aktuelles","link":"https:\/\/www.casasusa.nl\/de\/category\/aktuelles\/","count":2},{"name":"Silves Aktivit\u00e4ten","link":"https:\/\/www.casasusa.nl\/de\/category\/silves-aktivitaten\/","count":1}],"date":"18. Januar 2025","featuredImageSRC":"https:\/\/www.casasusa.nl\/wp-content\/uploads\/2025\/01\/capital-da-laranja-150x150.jpg"},"_links":{"self":[{"href":"https:\/\/www.casasusa.nl\/de\/wp-json\/wp\/v2\/posts\/4501","targetHints":{"allow":["GET"]}}],"collection":[{"href":"https:\/\/www.casasusa.nl\/de\/wp-json\/wp\/v2\/posts"}],"about":[{"href":"https:\/\/www.casasusa.nl\/de\/wp-json\/wp\/v2\/types\/post"}],"author":[{"embeddable":true,"href":"https:\/\/www.casasusa.nl\/de\/wp-json\/wp\/v2\/users\/1"}],"replies":[{"embeddable":true,"href":"https:\/\/www.casasusa.nl\/de\/wp-json\/wp\/v2\/comments?post=4501"}],"version-history":[{"count":2,"href":"https:\/\/www.casasusa.nl\/de\/wp-json\/wp\/v2\/posts\/4501\/revisions"}],"predecessor-version":[{"id":4514,"href":"https:\/\/www.casasusa.nl\/de\/wp-json\/wp\/v2\/posts\/4501\/revisions\/4514"}],"wp:featuredmedia":[{"embeddable":true,"href":"https:\/\/www.casasusa.nl\/de\/wp-json\/wp\/v2\/media\/4502"}],"wp:attachment":[{"href":"https:\/\/www.casasusa.nl\/de\/wp-json\/wp\/v2\/media?parent=4501"}],"wp:term":[{"taxonomy":"category","embeddable":true,"href":"https:\/\/www.casasusa.nl\/de\/wp-json\/wp\/v2\/categories?post=4501"},{"taxonomy":"post_tag","embeddable":true,"href":"https:\/\/www.casasusa.nl\/de\/wp-json\/wp\/v2\/tags?post=4501"}],"curies":[{"name":"wp","href":"https:\/\/api.w.org\/{rel}","templated":true}]}}